{"id":66600,"date":"2020-09-04T12:49:41","date_gmt":"2020-09-04T15:49:41","guid":{"rendered":"https:\/\/www.actualidadadiario.com\/?p=66600"},"modified":"2020-09-04T12:49:41","modified_gmt":"2020-09-04T15:49:41","slug":"francia-cierra-22-de-las-escuelas-reabiertas-tras-detectar-contagios-de-coronavirus","status":"publish","type":"post","link":"https:\/\/www.actualidadadiario.com\/index.php\/2020\/09\/04\/francia-cierra-22-de-las-escuelas-reabiertas-tras-detectar-contagios-de-coronavirus\/","title":{"rendered":"Francia cierra 22 de las escuelas reabiertas tras detectar contagios de coronavirus"},"content":{"rendered":"<p style=\"text-align: center;\"><em><strong>Diez de las escuelas cerradas est\u00e1n en la isla francesa de Reuni\u00f3n, en el Oc\u00e9ano \u00cdndico, donde la atenci\u00f3n m\u00e9dica es m\u00e1s deficiente que en Francia continental<\/strong><\/em><\/p>\n<p>&nbsp;<\/p>\n<p>&nbsp;<\/p>\n<p>Francia cerr\u00f3 hoy 22 de las 62.000 escuelas reabiertas a comienzos de esta semana, cuando se reanudaron las clases presenciales, debido a que se reportaron contagios de coronavirus.<\/p>\n<p>Diez de las escuelas cerradas est\u00e1n en la isla francesa de Reuni\u00f3n, en el Oc\u00e9ano \u00cdndico, donde la atenci\u00f3n m\u00e9dica es m\u00e1s deficiente que en Francia continental y el n\u00famero de pacientes internados con coronavirus aument\u00f3 en las \u00faltimas semanas.<\/p>\n<p>El ministro de Educaci\u00f3n, Jean Blanquer, dijo en declaraciones a la radio Europe-1 que en total, las escuelas francesas reportaron unos 250 casos sospechosos diarios desde el martes, cuando comenzaron las clases presenciales.<\/p>\n<p>Si bien no todos los casos sospechosos resultan ser positivos, una vez que se informa una sospecha, las escuelas deben atenerse a un protocolo que puede incluir el regreso a sus hogares de toda una clase o el cierre de la escuela.<\/p>\n<p>El ministro destac\u00f3 que el n\u00famero de cierres es bajo en relaci\u00f3n al n\u00famero de escuelas que abrieron en el pa\u00eds.<\/p>\n<p>El Gobierno de Francia, al igual que varios europeos, orden\u00f3 la reanudaci\u00f3n presencial de las clases para hacer frente a las desigualdades empeoradas por las clases virtuales y para permitir que los padres de los alumnos puedan regresar a sus trabajos.<\/p>\n<p>En pleno intento de vuelta a la normalidad, Francia report\u00f3 ayer m\u00e1s de 7.000 nuevas infecciones, la tasa diaria m\u00e1s alta de Europa, con lo que el n\u00famero total de infectados en el pa\u00eds se elev\u00f3 338.220, incluyendo 30.700 muertos.<\/p>\n","protected":false},"excerpt":{"rendered":"<p>Diez de las escuelas cerradas est\u00e1n en la isla francesa de Reuni\u00f3n, en el Oc\u00e9ano \u00cdndico, donde la atenci\u00f3n m\u00e9dica es m\u00e1s deficiente que en Francia continental &nbsp; &nbsp; Francia cerr\u00f3 hoy 22 de las 62.000 escuelas reabiertas a comienzos de esta semana, cuando se reanudaron las clases presenciales, debido a que se reportaron contagios de coronavirus. Diez de las escuelas cerradas est\u00e1n en la isla francesa de Reuni\u00f3n, en el Oc\u00e9ano \u00cdndico, donde la atenci\u00f3n m\u00e9dica es m\u00e1s deficiente que en Francia continental y el n\u00famero de pacientes internados&#8230;<\/p>\n","protected":false},"author":3,"featured_media":66601,"comment_status":"closed","ping_status":"closed","sticky":false,"template":"","format":"standard","meta":[],"categories":[4],"tags":[],"_links":{"self":[{"href":"https:\/\/www.actualidadadiario.com\/index.php\/wp-json\/wp\/v2\/posts\/66600"}],"collection":[{"href":"https:\/\/www.actualidadadiario.com\/index.php\/wp-json\/wp\/v2\/posts"}],"about":[{"href":"https:\/\/www.actualidadadiario.com\/index.php\/wp-json\/wp\/v2\/types\/post"}],"author":[{"embeddable":true,"href":"https:\/\/www.actualidadadiario.com\/index.php\/wp-json\/wp\/v2\/users\/3"}],"replies":[{"embeddable":true,"href":"https:\/\/www.actualidadadiario.com\/index.php\/wp-json\/wp\/v2\/comments?post=66600"}],"version-history":[{"count":1,"href":"https:\/\/www.actualidadadiario.com\/index.php\/wp-json\/wp\/v2\/posts\/66600\/revisions"}],"predecessor-version":[{"id":66602,"href":"https:\/\/www.actualidadadiario.com\/index.php\/wp-json\/wp\/v2\/posts\/66600\/revisions\/66602"}],"wp:featuredmedia":[{"embeddable":true,"href":"https:\/\/www.actualidadadiario.com\/index.php\/wp-json\/wp\/v2\/media\/66601"}],"wp:attachment":[{"href":"https:\/\/www.actualidadadiario.com\/index.php\/wp-json\/wp\/v2\/media?parent=66600"}],"wp:term":[{"taxonomy":"category","embeddable":true,"href":"https:\/\/www.actualidadadiario.com\/index.php\/wp-json\/wp\/v2\/categories?post=66600"},{"taxonomy":"post_tag","embeddable":true,"href":"https:\/\/www.actualidadadiario.com\/index.php\/wp-json\/wp\/v2\/tags?post=66600"}],"curies":[{"name":"wp","href":"https:\/\/api.w.org\/{rel}","templated":true}]}}