{"id":66589,"date":"2020-09-04T12:46:49","date_gmt":"2020-09-04T15:46:49","guid":{"rendered":"https:\/\/www.actualidadadiario.com\/?p=66589"},"modified":"2020-09-04T12:46:49","modified_gmt":"2020-09-04T15:46:49","slug":"banco-nacion-va-a-la-justicia-para-evitar-el-vaciamiento-del-grupo-vicentin","status":"publish","type":"post","link":"https:\/\/www.actualidadadiario.com\/index.php\/2020\/09\/04\/banco-nacion-va-a-la-justicia-para-evitar-el-vaciamiento-del-grupo-vicentin\/","title":{"rendered":"Banco Naci\u00f3n va a la Justicia para evitar el vaciamiento del Grupo Vicentin"},"content":{"rendered":"<p style=\"text-align: center;\"><em><strong>La entidad p\u00fablica pedir\u00e1 al juez Juli\u00e1n Ercolini y al fiscal Gerardo Pollicita que se investigue la venta del frigor\u00edfico Friar, propiedad del grupo empresario Vicentin<\/strong><\/em><\/p>\n<p>&nbsp;<\/p>\n<p>&nbsp;<\/p>\n<p>Con el objetivo de evitar una insolvencia fraudulenta, las autoridades del Banco Naci\u00f3n pedir\u00e1n ante el juez federal, Juli\u00e1n Ercolini, y el fiscal federal, Gerardo Pollicita, que se investigue la venta del frigor\u00edfico Friar, propiedad del grupo empresario Vicentin, que se habr\u00eda transferido a otro grupo empresario y, al mismo tiempo, se presentar\u00e1 como querellante ante la justicia de Rosario para que eval\u00fae el accionar de la cerealera, ante la posibilidad de que se genere un vaciamiento del patrimonio de la empresa santafesina.<\/p>\n<p>El reclamo del Banco Naci\u00f3n surge luego de que se conociera que Vicentin vendi\u00f3 el 50% del frigor\u00edfico Friar al fondo Buenos Aires Finantial Capital (BAF Capital) y, al mismo tiempo, habr\u00eda transferido a Uruguay los fondos que se generaron en esa operaci\u00f3n, en vez de utilizar esos recursos para achicar la deuda de m\u00e1s de u$s300 millones que mantiene con el Banco Naci\u00f3n.<\/p>\n<p>Para el presidente de la entidad, Eduardo Hecker, \u201cla cerealera concursada contin\u00faa con el desprendimiento de sus activos, en una clara maniobra para evitar la cancelaci\u00f3n de los cr\u00e9ditos, lo que constituye un importante perjuicio para el patrimonio del Banco\u201d.<\/p>\n<p>Asimismo, denunciar\u00e1 esta situaci\u00f3n ante el juez Fabi\u00e1n Lorenzini, titular del Juzgado que tramita el concurso en la ciudad de Reconquista, quien tiene que resolver el incidente iniciado por la Inspecci\u00f3n General de Justicia de Santa Fe, que en su momento solicit\u00f3 la intervenci\u00f3n del Grupo por supuestas maniobras de vaciamiento.<\/p>\n<p>En tanto, est\u00e1 prevista para el pr\u00f3ximo lunes 7 de setiembre una audiencia en Reconquista para analizar el pedido efectuado por el gobierno de Santa Fe, ocasi\u00f3n en la cual las autoridades pedir\u00e1n que se eval\u00faen las acciones llevadas a cabo por el actual Directorio de Vicentin.<\/p>\n<p>A esa situaci\u00f3n se suma el informe presentado en el Concurso Preventivo por KPMG, la auditora internacional, quien se neg\u00f3 a continuar como auditora externa del grupo.<\/p>\n<p>En el escrito que present\u00f3 ante la justicia civil y comercial de la ciudad de Reconquista, KPMG inform\u00f3 que \u201csuspendi\u00f3 la auditor\u00eda\u201d del ejercicio de Vicentin que cerr\u00f3 el 31 de octubre de 2019 al se\u00f1alar que \u201cla cesaci\u00f3n de pagos del cliente tiene un impacto generalizado en la capacidad de la organizaci\u00f3n para continuar como empresa en marcha\u201d.<\/p>\n<p>Por \u00faltimo, Hecker volvi\u00f3 a exigir la presentaci\u00f3n del balance de 2019 que es \u201cimprescindible\u201d para determinar la situaci\u00f3n patrimonial del Grupo Vicentin y la adopci\u00f3n de medidas judiciales que impidan que la empresa se desprenda de activos.<\/p>\n","protected":false},"excerpt":{"rendered":"<p>La entidad p\u00fablica pedir\u00e1 al juez Juli\u00e1n Ercolini y al fiscal Gerardo Pollicita que se investigue la venta del frigor\u00edfico Friar, propiedad del grupo empresario Vicentin &nbsp; &nbsp; Con el objetivo de evitar una insolvencia fraudulenta, las autoridades del Banco Naci\u00f3n pedir\u00e1n ante el juez federal, Juli\u00e1n Ercolini, y el fiscal federal, Gerardo Pollicita, que se investigue la venta del frigor\u00edfico Friar, propiedad del grupo empresario Vicentin, que se habr\u00eda transferido a otro grupo empresario y, al mismo tiempo, se presentar\u00e1 como querellante ante la justicia de Rosario para que&#8230;<\/p>\n","protected":false},"author":3,"featured_media":66590,"comment_status":"closed","ping_status":"closed","sticky":false,"template":"","format":"standard","meta":[],"categories":[18],"tags":[],"_links":{"self":[{"href":"https:\/\/www.actualidadadiario.com\/index.php\/wp-json\/wp\/v2\/posts\/66589"}],"collection":[{"href":"https:\/\/www.actualidadadiario.com\/index.php\/wp-json\/wp\/v2\/posts"}],"about":[{"href":"https:\/\/www.actualidadadiario.com\/index.php\/wp-json\/wp\/v2\/types\/post"}],"author":[{"embeddable":true,"href":"https:\/\/www.actualidadadiario.com\/index.php\/wp-json\/wp\/v2\/users\/3"}],"replies":[{"embeddable":true,"href":"https:\/\/www.actualidadadiario.com\/index.php\/wp-json\/wp\/v2\/comments?post=66589"}],"version-history":[{"count":1,"href":"https:\/\/www.actualidadadiario.com\/index.php\/wp-json\/wp\/v2\/posts\/66589\/revisions"}],"predecessor-version":[{"id":66591,"href":"https:\/\/www.actualidadadiario.com\/index.php\/wp-json\/wp\/v2\/posts\/66589\/revisions\/66591"}],"wp:featuredmedia":[{"embeddable":true,"href":"https:\/\/www.actualidadadiario.com\/index.php\/wp-json\/wp\/v2\/media\/66590"}],"wp:attachment":[{"href":"https:\/\/www.actualidadadiario.com\/index.php\/wp-json\/wp\/v2\/media?parent=66589"}],"wp:term":[{"taxonomy":"category","embeddable":true,"href":"https:\/\/www.actualidadadiario.com\/index.php\/wp-json\/wp\/v2\/categories?post=66589"},{"taxonomy":"post_tag","embeddable":true,"href":"https:\/\/www.actualidadadiario.com\/index.php\/wp-json\/wp\/v2\/tags?post=66589"}],"curies":[{"name":"wp","href":"https:\/\/api.w.org\/{rel}","templated":true}]}}