{"id":66587,"date":"2020-09-04T12:46:04","date_gmt":"2020-09-04T15:46:04","guid":{"rendered":"https:\/\/www.actualidadadiario.com\/?p=66587"},"modified":"2020-09-04T12:46:04","modified_gmt":"2020-09-04T15:46:04","slug":"el-senado-analiza-en-audiencia-publica-una-decena-de-pliegos-de-jueces","status":"publish","type":"post","link":"https:\/\/www.actualidadadiario.com\/index.php\/2020\/09\/04\/el-senado-analiza-en-audiencia-publica-una-decena-de-pliegos-de-jueces\/","title":{"rendered":"El Senado analiza en audiencia p\u00fablica una decena de pliegos de jueces"},"content":{"rendered":"<p style=\"text-align: center;\"><em><strong>Este viernes se tratar\u00e1n, entre ellos, los correspondientes a los traslados de los camaristas porte\u00f1os Leopoldo Bruglia y Pablo Bertuzzi<\/strong><\/em><\/p>\n<p>&nbsp;<\/p>\n<p>&nbsp;<\/p>\n<p>La audiencia p\u00fablica convocada por la Comisi\u00f3n de Acuerdos de la C\u00e1mara de Senadores para analizar una decena de pliegos de magistrados, entre ellos los correspondientes a los traslados de los camaristas porte\u00f1os Leopoldo Bruglia y Pablo Bertuzzi, se desarrollar\u00e1 este viernes, por videoconferencia, a partir de las 10:30.<\/p>\n<p>Se trata de los dos jueces que integraban un Tribunal Oral Federal con sede en Comodoro Py 2002 y, durante el gobierno de Mauricio Macri, fueron trasladados para cubrir dos vacantes en la C\u00e1mara Federal.<\/p>\n<p>La audiencia p\u00fablica, que se desarrollar\u00e1 por videoconferencia, fue convocada por la comisi\u00f3n que preside la senadora del Frente de Todos Anabel Fern\u00e1ndez Sagasti.<\/p>\n<p>All\u00ed est\u00e1 previsto el tratamiento de una decena de pliegos, entre ellos los correspondientes a los traslados de Bruglia y Bertuzzi.<\/p>\n<p>La discusi\u00f3n prev\u00e9 adem\u00e1s nuevas tensiones entre el oficialismo y la oposici\u00f3n de Juntos por el Cambio, que considera que esa audiencia deber\u00eda declararse nula por entender que se trata de una modalidad &#8220;no prevista&#8221; en el reglamento del cuerpo.<\/p>\n<p>&nbsp;<\/p>\n<p><strong>Pliegos de Bruglia y Bertuzzi<\/strong><\/p>\n<p>El conflicto se inici\u00f3 cuando el oficialismo plante\u00f3 en el Consejo de la Magistratura revisar esos traslados al entender que fueron dispuestos de manera irregular, tanto por las diferentes funciones de los cuerpos que integraron antes y la falta de acuerdo del Senado para que se concretara esa medida.<\/p>\n<p>Los jueces fueron nombrados titulares de dos vacantes en la C\u00e1mara por medio de un decreto del expresidente Macri en 2018, con cinco meses de diferencia.<\/p>\n<p>Ambos eran compa\u00f1eros en el Tribunal Oral Federal 4 que funciona -al igual que la C\u00e1mara- en el edificio de Comodoro Py 2002.<\/p>\n<p>Bruglia hab\u00eda llegado a la vocal\u00eda de la sala I de la C\u00e1mara el 1 de diciembre de 2016, designado como subrogante y durante pocos meses actu\u00f3 en paralelo a sus funciones como juez de Tribunal Oral.<\/p>\n<p>Posteriormente pidi\u00f3 licencia como juez de Tribunal Oral y se dedic\u00f3 s\u00f3lo a la subrogancia en la C\u00e1mara, que act\u00faa como primera instancia de revisi\u00f3n de todas las decisiones de los doce juzgados de instrucci\u00f3n, que tramitan causas por corrupci\u00f3n en la funci\u00f3n p\u00fablica, narcotr\u00e1fico y trata de personas, entre otros delitos federales.<\/p>\n<p>A fines de 2017, luego de que fuera destituido su hasta entonces compa\u00f1ero de sala, el camarista Eduardo Freiler, Bruglia pidi\u00f3 al Consejo de la Magistratura ser nombrado titular en la C\u00e1mara, algo que se concret\u00f3 el 6 de abril de 2018 por decreto 278.<\/p>\n<p>En septiembre de ese mismo a\u00f1o, su excolega del TOF 4, Bertuzzi, fue nombrado tambi\u00e9n por decreto presidencial en una vocal\u00eda de la sala I de la C\u00e1mara.<\/p>\n<p>Bruglia y Bertuzzi acudieron mediante un recurso de &#8220;per saltum&#8221; a la Corte Suprema de Justicia para evitar que el Senado nacional los remueva de sus cargos y, en simult\u00e1neo, apelaron el rechazo del amparo que presentaron contra la revisi\u00f3n de sus traslados.<\/p>\n","protected":false},"excerpt":{"rendered":"<p>Este viernes se tratar\u00e1n, entre ellos, los correspondientes a los traslados de los camaristas porte\u00f1os Leopoldo Bruglia y Pablo Bertuzzi &nbsp; &nbsp; La audiencia p\u00fablica convocada por la Comisi\u00f3n de Acuerdos de la C\u00e1mara de Senadores para analizar una decena de pliegos de magistrados, entre ellos los correspondientes a los traslados de los camaristas porte\u00f1os Leopoldo Bruglia y Pablo Bertuzzi, se desarrollar\u00e1 este viernes, por videoconferencia, a partir de las 10:30. Se trata de los dos jueces que integraban un Tribunal Oral Federal con sede en Comodoro Py 2002 y,&#8230;<\/p>\n","protected":false},"author":3,"featured_media":65548,"comment_status":"closed","ping_status":"closed","sticky":false,"template":"","format":"standard","meta":[],"categories":[18],"tags":[],"_links":{"self":[{"href":"https:\/\/www.actualidadadiario.com\/index.php\/wp-json\/wp\/v2\/posts\/66587"}],"collection":[{"href":"https:\/\/www.actualidadadiario.com\/index.php\/wp-json\/wp\/v2\/posts"}],"about":[{"href":"https:\/\/www.actualidadadiario.com\/index.php\/wp-json\/wp\/v2\/types\/post"}],"author":[{"embeddable":true,"href":"https:\/\/www.actualidadadiario.com\/index.php\/wp-json\/wp\/v2\/users\/3"}],"replies":[{"embeddable":true,"href":"https:\/\/www.actualidadadiario.com\/index.php\/wp-json\/wp\/v2\/comments?post=66587"}],"version-history":[{"count":1,"href":"https:\/\/www.actualidadadiario.com\/index.php\/wp-json\/wp\/v2\/posts\/66587\/revisions"}],"predecessor-version":[{"id":66588,"href":"https:\/\/www.actualidadadiario.com\/index.php\/wp-json\/wp\/v2\/posts\/66587\/revisions\/66588"}],"wp:featuredmedia":[{"embeddable":true,"href":"https:\/\/www.actualidadadiario.com\/index.php\/wp-json\/wp\/v2\/media\/65548"}],"wp:attachment":[{"href":"https:\/\/www.actualidadadiario.com\/index.php\/wp-json\/wp\/v2\/media?parent=66587"}],"wp:term":[{"taxonomy":"category","embeddable":true,"href":"https:\/\/www.actualidadadiario.com\/index.php\/wp-json\/wp\/v2\/categories?post=66587"},{"taxonomy":"post_tag","embeddable":true,"href":"https:\/\/www.actualidadadiario.com\/index.php\/wp-json\/wp\/v2\/tags?post=66587"}],"curies":[{"name":"wp","href":"https:\/\/api.w.org\/{rel}","templated":true}]}}