{"id":66584,"date":"2020-09-04T12:45:23","date_gmt":"2020-09-04T15:45:23","guid":{"rendered":"https:\/\/www.actualidadadiario.com\/?p=66584"},"modified":"2020-09-04T12:45:23","modified_gmt":"2020-09-04T15:45:23","slug":"gonzalez-garcia-si-no-hay-una-conducta-distinta-de-la-gente-esto-tiene-un-mal-final","status":"publish","type":"post","link":"https:\/\/www.actualidadadiario.com\/index.php\/2020\/09\/04\/gonzalez-garcia-si-no-hay-una-conducta-distinta-de-la-gente-esto-tiene-un-mal-final\/","title":{"rendered":"Gonz\u00e1lez Garc\u00eda: &#8220;Si no hay una conducta distinta de la gente, esto tiene un mal final&#8221;"},"content":{"rendered":"<p style=\"text-align: center;\"><em><strong>El ministro de Salud consider\u00f3 que &#8220;hay que tomar decisiones&#8221; para evitar el colapso sanitario y advirti\u00f3: &#8220;Si no lo hacemos ahora nos lo va a hacer tomar la propia magnitud de la tragedia\u201d<\/strong><\/em><\/p>\n<p>&nbsp;<\/p>\n<p>&nbsp;<\/p>\n<p>A horas de conocerse un nuevo r\u00e9cord de casos de coronavirus en todo el pa\u00eds, el ministro de Salud, Gin\u00e9s Gonz\u00e1lez Garc\u00eda, alert\u00f3 sobre el \u201cnotable avance\u201d del virus en todo el pa\u00eds producto de la transgresi\u00f3n a las medidas preventivas del aislamiento social obligatorio y advirti\u00f3 que \u201csi no hay una conducta distinta de la gente, esto tiene un mal final&#8221;.<\/p>\n<p>\u201cLa situaci\u00f3n est\u00e1 delicada\u201d, afirm\u00f3 el titular de la cartera sanitaria al hacer un diagn\u00f3stico de la situaci\u00f3n de la pandemia, tras la aparici\u00f3n de m\u00faltiples focos de contagio en varias provincias, algunas de las cuales debieron dar marcha atr\u00e1s en la apertura de actividades y volver a una fase m\u00e1s dura de la cuarentena.<\/p>\n<p>Durante una entrevista por C5N, el ministro alert\u00f3 sobre el &#8220;notable avance de la enfermedad&#8221; que &#8220;se nacionaliz\u00f3 desde hace tres o cuatro semanas y crece muy fuerte&#8221;. Como ejemplo cit\u00f3 que hay &#8220;cinco o seis jurisdicciones provinciales que est\u00e1n al borde&#8221; del colapso sanitario y se\u00f1al\u00f3 que &#8220;hay que tomar decisiones ahora&#8221;.<\/p>\n<p>\u201cCuando uno mira los n\u00fameros puede saber lo que va a pasar. Y sin ser tremendista, lo que estamos viendo y conversando con todos los gobernadores es que hay que tomar medidas, porque si no lo hacemos ahora nos lo va a hacer tomar la propia magnitud de la tragedia\u201d, indic\u00f3.<\/p>\n<p>El funcionario remarc\u00f3, adem\u00e1s, que \u201ctodo el sistema cient\u00edfico ha reaccionado extraordinariamente bien\u201d frente al problema, pero insisti\u00f3 con que \u201cmientras todo eso ocurre, si no cambiamos la conducta nos va a ir mal\u201d.<\/p>\n<p>&#8220;Si esperamos, las consecuencias van a ser mucho peores&#8221;, afirm\u00f3 el funcionario nacional, al tiempo que asegur\u00f3 que el Estado nacional dispuso &#8220;una movilizaci\u00f3n al m\u00e1ximo&#8221; de los recursos t\u00e9cnicos y humanos para contener el problema.<\/p>\n<p>En lo que se refiere a asistencia con el personal sanitario, \u201cmucho m\u00e1s no nos da\u201d porque \u201cel cansancio&#8221; est\u00e1 afectando a los trabajadores de la salud, lament\u00f3 y agreg\u00f3: \u201cDesde el punto de vista del Estado y de la potencialidad, ya no nos queda mucho m\u00e1s por hacer porque aunque tengamos 300 respiradores para distribuir, no tenemos m\u00e1s personal\u201d.<\/p>\n<p>Por otra parte, Gonz\u00e1lez Garc\u00eda a\u00f1adi\u00f3 que \u201ctradicionalmente una enfermedad de ese tipo genera anticuerpos, pero no se saben cu\u00e1nto duran y tampoco si estos son \u00fatiles para una reinfecci\u00f3n. La incertidumbre que tenemos sobre esta enfermedad es terrible. Y la \u00fanica certeza que tenemos es que hasta que no tengamos la vacuna, no vamos a poder parar la pandemia\u201d.<\/p>\n<p>Cuestion\u00f3 tambi\u00e9n la difusi\u00f3n de productos como el di\u00f3xido de cloro, que no solamente son inocuos contra el coronavirus sino que adem\u00e1s son t\u00f3xicos para la salud humana. \u201cAlgunos lo hacen por divertirse y otros por negocio, pero ya ha tenido consecuencias fatales en la Argentina\u201d, critic\u00f3.<\/p>\n","protected":false},"excerpt":{"rendered":"<p>El ministro de Salud consider\u00f3 que &#8220;hay que tomar decisiones&#8221; para evitar el colapso sanitario y advirti\u00f3: &#8220;Si no lo hacemos ahora nos lo va a hacer tomar la propia magnitud de la tragedia\u201d &nbsp; &nbsp; A horas de conocerse un nuevo r\u00e9cord de casos de coronavirus en todo el pa\u00eds, el ministro de Salud, Gin\u00e9s Gonz\u00e1lez Garc\u00eda, alert\u00f3 sobre el \u201cnotable avance\u201d del virus en todo el pa\u00eds producto de la transgresi\u00f3n a las medidas preventivas del aislamiento social obligatorio y advirti\u00f3 que \u201csi no hay una conducta distinta&#8230;<\/p>\n","protected":false},"author":3,"featured_media":66585,"comment_status":"closed","ping_status":"closed","sticky":false,"template":"","format":"standard","meta":[],"categories":[18],"tags":[],"_links":{"self":[{"href":"https:\/\/www.actualidadadiario.com\/index.php\/wp-json\/wp\/v2\/posts\/66584"}],"collection":[{"href":"https:\/\/www.actualidadadiario.com\/index.php\/wp-json\/wp\/v2\/posts"}],"about":[{"href":"https:\/\/www.actualidadadiario.com\/index.php\/wp-json\/wp\/v2\/types\/post"}],"author":[{"embeddable":true,"href":"https:\/\/www.actualidadadiario.com\/index.php\/wp-json\/wp\/v2\/users\/3"}],"replies":[{"embeddable":true,"href":"https:\/\/www.actualidadadiario.com\/index.php\/wp-json\/wp\/v2\/comments?post=66584"}],"version-history":[{"count":1,"href":"https:\/\/www.actualidadadiario.com\/index.php\/wp-json\/wp\/v2\/posts\/66584\/revisions"}],"predecessor-version":[{"id":66586,"href":"https:\/\/www.actualidadadiario.com\/index.php\/wp-json\/wp\/v2\/posts\/66584\/revisions\/66586"}],"wp:featuredmedia":[{"embeddable":true,"href":"https:\/\/www.actualidadadiario.com\/index.php\/wp-json\/wp\/v2\/media\/66585"}],"wp:attachment":[{"href":"https:\/\/www.actualidadadiario.com\/index.php\/wp-json\/wp\/v2\/media?parent=66584"}],"wp:term":[{"taxonomy":"category","embeddable":true,"href":"https:\/\/www.actualidadadiario.com\/index.php\/wp-json\/wp\/v2\/categories?post=66584"},{"taxonomy":"post_tag","embeddable":true,"href":"https:\/\/www.actualidadadiario.com\/index.php\/wp-json\/wp\/v2\/tags?post=66584"}],"curies":[{"name":"wp","href":"https:\/\/api.w.org\/{rel}","templated":true}]}}