{"id":66581,"date":"2020-09-04T12:44:45","date_gmt":"2020-09-04T15:44:45","guid":{"rendered":"https:\/\/www.actualidadadiario.com\/?p=66581"},"modified":"2020-09-04T12:44:45","modified_gmt":"2020-09-04T15:44:45","slug":"comienza-una-nueva-ronda-de-indagatorias-por-la-causa-del-espionaje-ilegal-desde-la-afi","status":"publish","type":"post","link":"https:\/\/www.actualidadadiario.com\/index.php\/2020\/09\/04\/comienza-una-nueva-ronda-de-indagatorias-por-la-causa-del-espionaje-ilegal-desde-la-afi\/","title":{"rendered":"Comienza una nueva ronda de indagatorias por la causa del espionaje ilegal desde la AFI"},"content":{"rendered":"<p style=\"text-align: center;\"><em><strong>La ronda se iniciar\u00e1 hoy y concluir\u00e1 en octubre con las declaraciones del secretario privado del expresidente Mauricio Macri y de los exjefes de la central de esp\u00edas, Gustavo Arribas y Silvia Majdalani<\/strong><\/em><\/p>\n<p>&nbsp;<\/p>\n<p>&nbsp;<\/p>\n<p>Una nueva ronda de indagatorias comenzar\u00e1 hoy en la causa en la que se investigan supuestas maniobras de espionaje pol\u00edtico ilegal, protagonizadas por la Agencia Federal de Inteligencia (AFI) durante el gobierno de Cambiemos, y que concluir\u00e1 en octubre con las declaraciones del secretario privado del expresidente Mauricio Macri y de los exjefes de la central de esp\u00edas, Gustavo Arribas y Silvia Majdalani.<\/p>\n<p>El juez federal de Lomas de Zamora, Juan Pablo Aug\u00e9, convoc\u00f3 para las 10.30 al abogado y exagente de la AFI, Facundo Melo, quien ampliar\u00e1 su declaraci\u00f3n indagatoria a trav\u00e9s de la plataforma Zoom, en una audiencia virtual de la que tambi\u00e9n participar\u00e1n los fiscales que llevan el caso, Cecilia Incardona y Santiago Eyherabide.<\/p>\n<p>La nueva ronda de indagatorias implicar\u00e1 las ampliaciones de unos veinte exagentes de la AFI, la de la ex empleada de la direcci\u00f3n de Documentaci\u00f3n Presidencial, Susana Martinengo; las declaraciones de Arribas y Majdalani; y la primera convocatoria a Dario Nieto, secretario privado de Macri, para el 6 de octubre venidero.<\/p>\n<p>A todos se los acusa de \u201chaber conformado una organizaci\u00f3n criminal construida desde el propio aparato del Estado central, en especial desde el Poder Ejecutivo Nacional, y una de sus dependencias directas, la Agencia Federal de Inteligencia\u201d, desde la cual llevaron a cabo actividades de inteligencia ilegal en distintos per\u00edodos y en diversas jurisdicciones, seg\u00fan surge de la imputaci\u00f3n que les fue remitida hoy a las partes.<\/p>\n<p>\u201cSe utiliz\u00f3 la estructura de la Agencia Federal de Inteligencia para practicar espionaje pol\u00edtico de un gran y variado n\u00famero de personas, algunos de ellos opositores pol\u00edticos al gobierno liderado por Mauricio Macri y otros pertenecientes a su misma bandera pol\u00edtica\u201d, sostuvo el juez Aug\u00e9 en el texto en el que detall\u00f3 c\u00f3mo fueron las maniobras que tuvieron como v\u00edctimas a la vicepresidenta Cristina Fern\u00e1ndez de Kirchner y al jefe de Gobierno porte\u00f1o, Horacio Rodr\u00edguez Larreta, entre otros.<\/p>\n<p>Tanto los fiscales como el juez ubicaron a Arribas y Majdalani en lo m\u00e1s alto de la estructura del espionaje ilegal, en tanto que el magistrado especific\u00f3 que \u201cel objetivo de estas tareas de inteligencia il\u00edcita fue, a partir de la informaci\u00f3n recolectada, influir en la situaci\u00f3n institucional, pol\u00edtica y social del pa\u00eds\u201d.<\/p>\n","protected":false},"excerpt":{"rendered":"<p>La ronda se iniciar\u00e1 hoy y concluir\u00e1 en octubre con las declaraciones del secretario privado del expresidente Mauricio Macri y de los exjefes de la central de esp\u00edas, Gustavo Arribas y Silvia Majdalani &nbsp; &nbsp; Una nueva ronda de indagatorias comenzar\u00e1 hoy en la causa en la que se investigan supuestas maniobras de espionaje pol\u00edtico ilegal, protagonizadas por la Agencia Federal de Inteligencia (AFI) durante el gobierno de Cambiemos, y que concluir\u00e1 en octubre con las declaraciones del secretario privado del expresidente Mauricio Macri y de los exjefes de la&#8230;<\/p>\n","protected":false},"author":3,"featured_media":66582,"comment_status":"closed","ping_status":"closed","sticky":false,"template":"","format":"standard","meta":[],"categories":[18],"tags":[],"_links":{"self":[{"href":"https:\/\/www.actualidadadiario.com\/index.php\/wp-json\/wp\/v2\/posts\/66581"}],"collection":[{"href":"https:\/\/www.actualidadadiario.com\/index.php\/wp-json\/wp\/v2\/posts"}],"about":[{"href":"https:\/\/www.actualidadadiario.com\/index.php\/wp-json\/wp\/v2\/types\/post"}],"author":[{"embeddable":true,"href":"https:\/\/www.actualidadadiario.com\/index.php\/wp-json\/wp\/v2\/users\/3"}],"replies":[{"embeddable":true,"href":"https:\/\/www.actualidadadiario.com\/index.php\/wp-json\/wp\/v2\/comments?post=66581"}],"version-history":[{"count":1,"href":"https:\/\/www.actualidadadiario.com\/index.php\/wp-json\/wp\/v2\/posts\/66581\/revisions"}],"predecessor-version":[{"id":66583,"href":"https:\/\/www.actualidadadiario.com\/index.php\/wp-json\/wp\/v2\/posts\/66581\/revisions\/66583"}],"wp:featuredmedia":[{"embeddable":true,"href":"https:\/\/www.actualidadadiario.com\/index.php\/wp-json\/wp\/v2\/media\/66582"}],"wp:attachment":[{"href":"https:\/\/www.actualidadadiario.com\/index.php\/wp-json\/wp\/v2\/media?parent=66581"}],"wp:term":[{"taxonomy":"category","embeddable":true,"href":"https:\/\/www.actualidadadiario.com\/index.php\/wp-json\/wp\/v2\/categories?post=66581"},{"taxonomy":"post_tag","embeddable":true,"href":"https:\/\/www.actualidadadiario.com\/index.php\/wp-json\/wp\/v2\/tags?post=66581"}],"curies":[{"name":"wp","href":"https:\/\/api.w.org\/{rel}","templated":true}]}}