{"id":66576,"date":"2020-09-04T12:43:28","date_gmt":"2020-09-04T15:43:28","guid":{"rendered":"https:\/\/www.actualidadadiario.com\/?p=66576"},"modified":"2020-09-04T12:43:28","modified_gmt":"2020-09-04T15:43:28","slug":"el-senado-aprobo-la-validez-del-dnu-que-declaro-servicio-publico-a-las-telecomunicaciones","status":"publish","type":"post","link":"https:\/\/www.actualidadadiario.com\/index.php\/2020\/09\/04\/el-senado-aprobo-la-validez-del-dnu-que-declaro-servicio-publico-a-las-telecomunicaciones\/","title":{"rendered":"El Senado aprob\u00f3 la validez del DNU que declar\u00f3 servicio p\u00fablico a las telecomunicaciones"},"content":{"rendered":"<p style=\"text-align: center;\"><em><strong>Juntos por el Cambio se opuso a la medida que busca congelar las tarifas de estos servicios, considerados de alta necesidad en medio de la pandemia de coronavirus<\/strong><\/em><\/p>\n<p>&nbsp;<\/p>\n<p>&nbsp;<\/p>\n<p>El oficialismo aprob\u00f3 ayer en el Senado una serie de decretos entre los que aval\u00f3 el DNU que congela hasta fin de a\u00f1o las tarifas de internet, telefon\u00eda y TV por cable, con fuerte rechazo de la oposici\u00f3n.<\/p>\n<p>Con 41 votos a favor y 26 en contra, el Senado dio luz verde a un paquete de decretos que incluyen tambi\u00e9n el que habilit\u00f3 el canje de la deuda emitida bajo legislaci\u00f3n extranjera y el que derog\u00f3 el DNU que hab\u00eda dispuesto la intervenci\u00f3n de la cerealera Vicentin (el \u00fanico acompa\u00f1ado por Juntos por el Cambio).<\/p>\n<p>Las telecomunicaciones fueron el contrapunto m\u00e1s \u00e1lgido de las seis horas de debate que llev\u00f3 el tratamiento de los proyectos (sobre &#8220;capitales alternas&#8221; y &#8220;grooming&#8221;, entre otros).<\/p>\n<p>En un repaso por todos los DNU, el jefe del bloque del Frente de Todos, Jos\u00e9 Mayans, afirm\u00f3 que &#8220;el acceso a las telecomunicaciones es un servicio esencial&#8221; y que el decreto sobre el tema &#8220;dice bien clarito que se piden tarifas razonables, nada m\u00e1s&#8221;.<\/p>\n<p>Su par de Juntos por el Cambio, Luis Naidenoff, cuestion\u00f3 a los oficialistas que hablaron de la &#8220;concentraci\u00f3n&#8221; del mercado de las telecomunicaciones y record\u00f3 que &#8220;la fusi\u00f3n de Cablevisi\u00f3n y Multicanal la firm\u00f3 (el ex secretario de Comercio de N\u00e9stor Kirchner) Guillermo Moreno. Fueron ustedes, ya que est\u00e1n en esto de ustedes y nosotros\u201d.<\/p>\n<p>Previamente, su compa\u00f1ero de bancada Mart\u00edn Lousteau, afirm\u00f3 que est\u00e1n &#8220;de acuerdo con el congelamiento&#8221; de las tarifas de esos servicios hasta el 31 de diciembre pero que el tema de las telecomunicaciones y la conectividad &#8220;es complejo&#8221; y la igualdad en el acceso y las inversiones para el sector &#8220;no se logran con un DNU&#8221;.<\/p>\n<p>De esa manera resumi\u00f3 buena parte de la postura de Juntos por el Cambio, donde senadoras como Gladys Gonz\u00e1lez criticaron que con este tipo de medidas &#8220;se le cambia las reglas de juego al sector productivo&#8221; y &#8220;cuando el sector privado no tiene certezas se retrae&#8221;.<\/p>\n<p>En tanto, el oficialista chubutense Alfredo Luenzo plante\u00f3 que &#8220;en el interior hay menos conectividad y a valores m\u00e1s elevados y esto no lo va a resolver el mercado, pero si este DNU&#8221;, y la mendocina Anabel Fern\u00e1ndez Sagasti remarc\u00f3 que &#8220;no intenta sacarle las ganancias a nadie, sino que todos tengan acceso a algo que es un derecho humano&#8221;.<\/p>\n<p>&nbsp;<\/p>\n<p><strong>Canje y Vicentin<\/strong><\/p>\n<p>Sobre el decreto referido al canje de la deuda externa, Mayans afirm\u00f3: &#8220;Volvemos a arreglar el problema. En 2001 tuvimos que arreglar el desastre de la deuda que dej\u00f3 (el gobierno de Fernando) De la R\u00faa&#8221;.<\/p>\n<p>Naidenoff, por su parte, remarc\u00f3 que el rechazo de la bancada a casi todo el paquete se debe al &#8220;incumplimiento del reglamento&#8221; que le atribuyen al oficialismo en la Comisi\u00f3n Bicameral que dictamina sobre la validez de los DNU.<\/p>\n<p>En tanto, Oscar Parrilli se refiri\u00f3 a la derogaci\u00f3n del decreto que dispuso la intervenci\u00f3n de Vicentin y puso de relieve que el problema de la deuda que acarrea esa empresa con productores agropecuarios y acreedores (entre ellos el Banco Naci\u00f3n) no se resolvi\u00f3.<\/p>\n<p>Al respecto, se\u00f1al\u00f3: &#8220;Lamentablemente, vamos a tener que ser nuevamente los perversos kirchneristas los que salgamos al rescate de esta empresa cuando sea desguazada&#8221;.<\/p>\n","protected":false},"excerpt":{"rendered":"<p>Juntos por el Cambio se opuso a la medida que busca congelar las tarifas de estos servicios, considerados de alta necesidad en medio de la pandemia de coronavirus &nbsp; &nbsp; El oficialismo aprob\u00f3 ayer en el Senado una serie de decretos entre los que aval\u00f3 el DNU que congela hasta fin de a\u00f1o las tarifas de internet, telefon\u00eda y TV por cable, con fuerte rechazo de la oposici\u00f3n. Con 41 votos a favor y 26 en contra, el Senado dio luz verde a un paquete de decretos que incluyen tambi\u00e9n&#8230;<\/p>\n","protected":false},"author":3,"featured_media":66577,"comment_status":"closed","ping_status":"closed","sticky":false,"template":"","format":"standard","meta":[],"categories":[18],"tags":[],"_links":{"self":[{"href":"https:\/\/www.actualidadadiario.com\/index.php\/wp-json\/wp\/v2\/posts\/66576"}],"collection":[{"href":"https:\/\/www.actualidadadiario.com\/index.php\/wp-json\/wp\/v2\/posts"}],"about":[{"href":"https:\/\/www.actualidadadiario.com\/index.php\/wp-json\/wp\/v2\/types\/post"}],"author":[{"embeddable":true,"href":"https:\/\/www.actualidadadiario.com\/index.php\/wp-json\/wp\/v2\/users\/3"}],"replies":[{"embeddable":true,"href":"https:\/\/www.actualidadadiario.com\/index.php\/wp-json\/wp\/v2\/comments?post=66576"}],"version-history":[{"count":1,"href":"https:\/\/www.actualidadadiario.com\/index.php\/wp-json\/wp\/v2\/posts\/66576\/revisions"}],"predecessor-version":[{"id":66578,"href":"https:\/\/www.actualidadadiario.com\/index.php\/wp-json\/wp\/v2\/posts\/66576\/revisions\/66578"}],"wp:featuredmedia":[{"embeddable":true,"href":"https:\/\/www.actualidadadiario.com\/index.php\/wp-json\/wp\/v2\/media\/66577"}],"wp:attachment":[{"href":"https:\/\/www.actualidadadiario.com\/index.php\/wp-json\/wp\/v2\/media?parent=66576"}],"wp:term":[{"taxonomy":"category","embeddable":true,"href":"https:\/\/www.actualidadadiario.com\/index.php\/wp-json\/wp\/v2\/categories?post=66576"},{"taxonomy":"post_tag","embeddable":true,"href":"https:\/\/www.actualidadadiario.com\/index.php\/wp-json\/wp\/v2\/tags?post=66576"}],"curies":[{"name":"wp","href":"https:\/\/api.w.org\/{rel}","templated":true}]}}