{"id":66573,"date":"2020-09-04T12:42:48","date_gmt":"2020-09-04T15:42:48","guid":{"rendered":"https:\/\/www.actualidadadiario.com\/?p=66573"},"modified":"2020-09-04T12:42:48","modified_gmt":"2020-09-04T15:42:48","slug":"guzman-sobre-el-fmi-esperamos-una-negociacion-basada-en-la-responsabilidad","status":"publish","type":"post","link":"https:\/\/www.actualidadadiario.com\/index.php\/2020\/09\/04\/guzman-sobre-el-fmi-esperamos-una-negociacion-basada-en-la-responsabilidad\/","title":{"rendered":"Guzm\u00e1n sobre el FMI: &#8220;Esperamos una negociaci\u00f3n basada en la responsabilidad&#8221;"},"content":{"rendered":"<p style=\"text-align: center;\"><em><strong>El ministro disert\u00f3 en un foro europeo junto a su mentor, el premio Nobel de econom\u00eda Joseph Stiglitz. &#8220;El Fondo jug\u00f3 un papel positivo en la reestructuraci\u00f3n de Argentina&#8221;, afirm\u00f3<\/strong><\/em><\/p>\n<p>&nbsp;<\/p>\n<p>&nbsp;<\/p>\n<p>&nbsp;<\/p>\n<p>Tras la reestructuraci\u00f3n de m\u00e1s del 99% de la deuda bajo legislaci\u00f3n extranjera y en medio de un canje local para el que se esperan guarismos similares, el ministro de Econom\u00eda, Mart\u00edn Guzm\u00e1n, se refiri\u00f3 a su pr\u00f3ximo desaf\u00edo, la pulseada con el Fondo Monetario Internacional. &#8220;Esperamos tener negociaciones basadas en la responsabilidad y en el entendimiento de cu\u00e1l es la situaci\u00f3n de Argentina hoy&#8221;, dijo en relaci\u00f3n a las conversaciones que se iniciaron formalmente la semana pasada.<\/p>\n<p>Guzm\u00e1n disert\u00f3 este jueves en el Foro Europeo Alpbach, donde tambi\u00e9n particip\u00f3 el premio Nobel de econom\u00eda, Joseph Stiglitz, quien fuera su mentor en la Universidad de Columbia (Estados Unidos).<\/p>\n<p>&#8220;El rol del FMI en la evaluaci\u00f3n de la sostenibilidad de la deuda de los pa\u00edses en crisis ser\u00e1 importante. El Fondo jug\u00f3 un papel positivo en la reestructuraci\u00f3n de Argentina&#8221;, expres\u00f3 el ministro que ahora tendr\u00e1 a la directora gerente del organismo sentada al otro lado del mostrador.<\/p>\n<p>En ese sentido, agreg\u00f3: &#8220;El objetivo al que apuntamos es reemplazar el programa que Argentina y el FMI firmaron en 2018 y que no funcion\u00f3 por uno que funcione&#8221;.<\/p>\n<p>El pa\u00eds le debe al Fondo USD45.000 millones m\u00e1s intereses producto del programa stand by que sellaron el entonces presidente Mauricio Macri y la extitular de la entidad multilateral, Christine Lagarde. Los vencimientos de ese pr\u00e9stamo se concentran en s\u00f3lo tres a\u00f1os: 2021, 2022 y 2023. Por eso, se hace imposible de afrontar.<\/p>\n<p>Guzm\u00e1n buscar\u00e1 estirar los plazos de repago y obtener un per\u00edodo de gracia de tres a\u00f1os, a sabiendas de que el organismo no acepta quitas. Claro que la contracara ser\u00e1 la discusi\u00f3n de un nuevo programa econ\u00f3mico con el fin de que el FMI acepte refinanciar los compromisos. All\u00ed, aparecer\u00e1n las cl\u00e1sicas recetas de ajuste para revertir el agujero fiscal generado por la coronacrisis.<\/p>\n<p>El Gobierno coincide en la necesidad de transitar un sendero hacia el equilibrio de las cuentas p\u00fablicas pero apunta a dise\u00f1ar un programa con &#8220;prudencia fiscal&#8221; aunque sin fuertes ajustes.<\/p>\n<p>&nbsp;<\/p>\n<p><strong>\u00bfQu\u00e9 dijo Guzm\u00e1n junto a Stiglitz?<\/strong><\/p>\n<p>El ministro tambi\u00e9n se refiri\u00f3 al resultado del canje de deuda bajo legislaci\u00f3n extranjera que cerr\u00f3 el viernes pasado con una adhesi\u00f3n del 93,5% de los bonistas que, por la aplicaci\u00f3n de las cl\u00e1usulas de acci\u00f3n colectivas (CAC), signific\u00f3 la reestructuraci\u00f3n del 99% de los bonos elegibles.<\/p>\n<p>&#8220;Logramos llegar a un acuerdo con nuestros acreedores privados despu\u00e9s de unos meses de negociaciones. Fue un paso muy importante para avanzar en el camino de poner en orden las finanzas p\u00fablicas y restaurar condiciones que permitan que la econom\u00eda se pueda recuperar&#8221;, afirm\u00f3.<\/p>\n<p>Guzm\u00e1n se\u00f1al\u00f3 que &#8220;restaurar la sostenibilidad era fundamental&#8221;. Y a\u00f1adi\u00f3: &#8220;Sostenibilidad significa que quer\u00edamos redefinir nuestros compromisos de deuda de una manera que fuera coherente con una econom\u00eda que pudiera recuperarse y sostener esa recuperaci\u00f3n en el tiempo&#8221;.<\/p>\n<p>&#8220;Quer\u00edamos llegar a un acuerdo, pero quer\u00edamos un acuerdo que fuera sostenible. Habr\u00eda sido de muy poco valor hacer una promesa que luego no podr\u00edamos cumplir. Por eso las negociaciones fueron duras en este punto. No quer\u00edamos llegar a un acuerdo antes con\u00a0 t\u00e9rminos que no iban a ser sostenibles&#8221;, manifest\u00f3.<\/p>\n<p>Adem\u00e1s, el funcionario se explay\u00f3 sobre el problema de los ciclos de sobreendeudamiento y las formas de resoluci\u00f3n a escala global: &#8220;La firmeza de los gobiernos en esta premisa de sostenibilidad va a ser muy importante en los tiempos que vienen. Por supuesto, deber\u00eda haber mejoras en la arquitectura financiera internacional, pero esas mejoras a\u00fan deber\u00e1n complementarse con actitudes de los gobiernos que sean firmes en la defensa de la premisa de la sostenibilidad de la deuda cuando sea necesario defenderla&#8221;.<\/p>\n<p>&#8220;Este fue un proceso muy interesante, de especial valor para el funcionamiento de la arquitectura financiera internacional. Fue la primera reestructuraci\u00f3n de deuda en la que se pusieron a prueba las CAC modernas. Demostraron ser valiosas. Esperamos que sigan siendo valiosas en reestructuraciones posteriores, pero necesitamos algo m\u00e1s que un buen lenguaje contractual&#8221;, concluy\u00f3.<\/p>\n","protected":false},"excerpt":{"rendered":"<p>El ministro disert\u00f3 en un foro europeo junto a su mentor, el premio Nobel de econom\u00eda Joseph Stiglitz. &#8220;El Fondo jug\u00f3 un papel positivo en la reestructuraci\u00f3n de Argentina&#8221;, afirm\u00f3 &nbsp; &nbsp; &nbsp; Tras la reestructuraci\u00f3n de m\u00e1s del 99% de la deuda bajo legislaci\u00f3n extranjera y en medio de un canje local para el que se esperan guarismos similares, el ministro de Econom\u00eda, Mart\u00edn Guzm\u00e1n, se refiri\u00f3 a su pr\u00f3ximo desaf\u00edo, la pulseada con el Fondo Monetario Internacional. &#8220;Esperamos tener negociaciones basadas en la responsabilidad y en el entendimiento&#8230;<\/p>\n","protected":false},"author":3,"featured_media":66574,"comment_status":"closed","ping_status":"closed","sticky":false,"template":"","format":"standard","meta":[],"categories":[9],"tags":[],"_links":{"self":[{"href":"https:\/\/www.actualidadadiario.com\/index.php\/wp-json\/wp\/v2\/posts\/66573"}],"collection":[{"href":"https:\/\/www.actualidadadiario.com\/index.php\/wp-json\/wp\/v2\/posts"}],"about":[{"href":"https:\/\/www.actualidadadiario.com\/index.php\/wp-json\/wp\/v2\/types\/post"}],"author":[{"embeddable":true,"href":"https:\/\/www.actualidadadiario.com\/index.php\/wp-json\/wp\/v2\/users\/3"}],"replies":[{"embeddable":true,"href":"https:\/\/www.actualidadadiario.com\/index.php\/wp-json\/wp\/v2\/comments?post=66573"}],"version-history":[{"count":1,"href":"https:\/\/www.actualidadadiario.com\/index.php\/wp-json\/wp\/v2\/posts\/66573\/revisions"}],"predecessor-version":[{"id":66575,"href":"https:\/\/www.actualidadadiario.com\/index.php\/wp-json\/wp\/v2\/posts\/66573\/revisions\/66575"}],"wp:featuredmedia":[{"embeddable":true,"href":"https:\/\/www.actualidadadiario.com\/index.php\/wp-json\/wp\/v2\/media\/66574"}],"wp:attachment":[{"href":"https:\/\/www.actualidadadiario.com\/index.php\/wp-json\/wp\/v2\/media?parent=66573"}],"wp:term":[{"taxonomy":"category","embeddable":true,"href":"https:\/\/www.actualidadadiario.com\/index.php\/wp-json\/wp\/v2\/categories?post=66573"},{"taxonomy":"post_tag","embeddable":true,"href":"https:\/\/www.actualidadadiario.com\/index.php\/wp-json\/wp\/v2\/tags?post=66573"}],"curies":[{"name":"wp","href":"https:\/\/api.w.org\/{rel}","templated":true}]}}