{"id":66570,"date":"2020-09-04T12:42:10","date_gmt":"2020-09-04T15:42:10","guid":{"rendered":"https:\/\/www.actualidadadiario.com\/?p=66570"},"modified":"2020-09-04T12:42:10","modified_gmt":"2020-09-04T15:42:10","slug":"avanza-la-ley-de-alberto-para-sumar-24-capitales-alternativas","status":"publish","type":"post","link":"https:\/\/www.actualidadadiario.com\/index.php\/2020\/09\/04\/avanza-la-ley-de-alberto-para-sumar-24-capitales-alternativas\/","title":{"rendered":"Avanza la ley de Alberto para sumar 24 capitales alternativas"},"content":{"rendered":"<p style=\"text-align: center;\"><em><strong>Se aprob\u00f3 por unanimidad en el Senado. Mar del Plata, La Matanza, R\u00edo Cuarto, Bariloche y La Banda, entre las elegidas<\/strong><\/em><\/p>\n<p>&nbsp;<\/p>\n<p>&nbsp;<\/p>\n<p>El Senado aprob\u00f3 por unanimidad este jueves la ley que crea 24 capitales alternativas, una idea de campa\u00f1a de Alberto Fern\u00e1ndez para mudar el gabinete por el pa\u00eds que dif\u00edcilmente pueda implementarse mientras haya pandemia.<\/p>\n<p>Aun as\u00ed, el oficialismo se apur\u00f3 en aprobarla y dejarla lista para que la sancionen los Diputados cuando puedan reunirse. El art\u00edculo 5 del proyecto se\u00f1ala que los funcionarios &#8220;deber\u00e1n llevar un registro de los temas abordados y cada uno en su competencia elevar\u00e1 un informe mensual de seguimiento a la Jefatura de Gabinete, el que ser\u00e1 puesto en conocimiento del Ministerio del Interior&#8221;.<\/p>\n<p>&#8220;Esto puede transformarse en una expresi\u00f3n de buenos deseos o tal vez en un tour o paseo para o\u00edr los reclamos del interior de las provincias argentinas. Esperemos sea una construcci\u00f3n positiva para muchos gobiernos por venir&#8221;, sostuvo el cordob\u00e9s Ernesto Mart\u00ednez, de Cambiemos.<\/p>\n<p>Su coterr\u00e1neo Carlos Caserio, del Frente de Todos, consider\u00f3 que &#8220;las ciudades que reciban a un presidente y a su gabinete van a cambiar, van sentir que son realmente dignificadas como pueblos del interior. Esto le va a permitir al presidente escuchar a los pueblos de todas las provincias argentinas y para un dirigente pol\u00edtico es una experiencia sumamente valiosa&#8221;.<\/p>\n<p>&#8220;Este proyecto de capitales alternas es, para m\u00ed, la mejor forma de plantear un federalismo real en nuestro pa\u00eds. De este modo se plasma en hechos concretos la noci\u00f3n de federalismo, porque en t\u00e9rminos pr\u00e1cticos el federalismo es acercarse a cada uno de los extremos del pa\u00eds, abarcando todo el territorio nacional, y llegar con su presencia a todas y todos&#8221;, celebr\u00f3 su compa\u00f1era Marta Durango.<\/p>\n<p>&#8220;Vamos a garantizar un verdadero federalismo que no sea s\u00f3lo el del reparto de los recursos, sino tambi\u00e9n que vaya en el sentido de la generaci\u00f3n de los recursos a partir de las econom\u00edas regionales, el desarrollo del empleo y la igualdad para todas y todos&#8221;, celebr\u00f3 Mar\u00eda de los \u00c1ngeles Sacnun.<\/p>\n<p>S\u00f3lo en San Luis y en Formosa se opt\u00f3 por la capital provincial, que tienen el mismo nombre que la Provincia; mientras que en Buenos Aires se asignaron dos ciudades: Mar del Plata (General Pueyrred\u00f3n) y La Matanza. En ning\u00fan fragmento del proyecto se aclara si se consult\u00f3 con los gobernadores.<\/p>\n<p>En C\u00f3rdoba Alberto pidi\u00f3 ir a R\u00edo Cuarto, en Santa Fe a Rosario, en Mendoza a Guaymall\u00e9n y en R\u00edo Negro a San Carlos de Bariloche. La ley pide que Caleta Olivia sea la capital alterna de Santa Cruz, Cutral Co de Neuqu\u00e9n, La Banda de Santiago del Estero, General Pico de La Pampa, Chilecito en La Rioja y Comodoro Rivadavia de Chubut.<\/p>\n<p>En Tierra del Fuego se eligi\u00f3 a R\u00edo Grande, la ciudad industrial golpeada por la debacle de la industria electr\u00f3nica; Monteros en Tucum\u00e1n, Tinogasta en Catamarca, Roque Saenz Pe\u00f1a en Chaco, Goya en Corrientes, Ober\u00e1 en Misiones, Or\u00e1n en Salta, Caucete en San Juan, San Pedro en Jujuy y Concordia en Entre R\u00edos, elegida tambi\u00e9n para lanzar la tarjeta alimentaria por ser una de las de mayor desocupaci\u00f3n.<\/p>\n","protected":false},"excerpt":{"rendered":"<p>Se aprob\u00f3 por unanimidad en el Senado. Mar del Plata, La Matanza, R\u00edo Cuarto, Bariloche y La Banda, entre las elegidas &nbsp; &nbsp; El Senado aprob\u00f3 por unanimidad este jueves la ley que crea 24 capitales alternativas, una idea de campa\u00f1a de Alberto Fern\u00e1ndez para mudar el gabinete por el pa\u00eds que dif\u00edcilmente pueda implementarse mientras haya pandemia. Aun as\u00ed, el oficialismo se apur\u00f3 en aprobarla y dejarla lista para que la sancionen los Diputados cuando puedan reunirse. El art\u00edculo 5 del proyecto se\u00f1ala que los funcionarios &#8220;deber\u00e1n llevar un&#8230;<\/p>\n","protected":false},"author":3,"featured_media":66571,"comment_status":"closed","ping_status":"closed","sticky":false,"template":"","format":"standard","meta":[],"categories":[9],"tags":[],"_links":{"self":[{"href":"https:\/\/www.actualidadadiario.com\/index.php\/wp-json\/wp\/v2\/posts\/66570"}],"collection":[{"href":"https:\/\/www.actualidadadiario.com\/index.php\/wp-json\/wp\/v2\/posts"}],"about":[{"href":"https:\/\/www.actualidadadiario.com\/index.php\/wp-json\/wp\/v2\/types\/post"}],"author":[{"embeddable":true,"href":"https:\/\/www.actualidadadiario.com\/index.php\/wp-json\/wp\/v2\/users\/3"}],"replies":[{"embeddable":true,"href":"https:\/\/www.actualidadadiario.com\/index.php\/wp-json\/wp\/v2\/comments?post=66570"}],"version-history":[{"count":1,"href":"https:\/\/www.actualidadadiario.com\/index.php\/wp-json\/wp\/v2\/posts\/66570\/revisions"}],"predecessor-version":[{"id":66572,"href":"https:\/\/www.actualidadadiario.com\/index.php\/wp-json\/wp\/v2\/posts\/66570\/revisions\/66572"}],"wp:featuredmedia":[{"embeddable":true,"href":"https:\/\/www.actualidadadiario.com\/index.php\/wp-json\/wp\/v2\/media\/66571"}],"wp:attachment":[{"href":"https:\/\/www.actualidadadiario.com\/index.php\/wp-json\/wp\/v2\/media?parent=66570"}],"wp:term":[{"taxonomy":"category","embeddable":true,"href":"https:\/\/www.actualidadadiario.com\/index.php\/wp-json\/wp\/v2\/categories?post=66570"},{"taxonomy":"post_tag","embeddable":true,"href":"https:\/\/www.actualidadadiario.com\/index.php\/wp-json\/wp\/v2\/tags?post=66570"}],"curies":[{"name":"wp","href":"https:\/\/api.w.org\/{rel}","templated":true}]}}