{"id":66558,"date":"2020-09-04T12:37:56","date_gmt":"2020-09-04T15:37:56","guid":{"rendered":"https:\/\/www.actualidadadiario.com\/?p=66558"},"modified":"2020-09-04T12:37:56","modified_gmt":"2020-09-04T15:37:56","slug":"la-coparticipacion-a-las-provincias-crecio-en-agosto-en-terminos-reales","status":"publish","type":"post","link":"https:\/\/www.actualidadadiario.com\/index.php\/2020\/09\/04\/la-coparticipacion-a-las-provincias-crecio-en-agosto-en-terminos-reales\/","title":{"rendered":"La Coparticipaci\u00f3n a las provincias creci\u00f3 en agosto en t\u00e9rminos reales"},"content":{"rendered":"<p style=\"text-align: center;\"><em><strong>CEPA destac\u00f3 la incidencia que tuvieron el mes pasado las transferencias vinculadas al impuesto sobre los Bienes Personales<\/strong><\/em><\/p>\n<p>&nbsp;<\/p>\n<p>&nbsp;<\/p>\n<p>Las transferencias de la Naci\u00f3n a las provincias en concepto de Coparticipaci\u00f3n Federal de Impuestos tuvieron en agosto su primer aumento interanual en t\u00e9rminos reales de los \u00faltimos nueve meses, con un incremento del 1,6% en relaci\u00f3n con el mismo mes del a\u00f1o pasado.<\/p>\n<p>El quiebre de la tendencia negativa iniciada en noviembre de 2019 fue destacada por el Centro de Econom\u00eda Pol\u00edtica Argentina (CEPA), en un an\u00e1lisis que, no obstante, advierte que el cambio obedeci\u00f3 a una circunstancia excepcional, como fue la suba interanual del 685,1% en la recaudaci\u00f3n del impuesto sobre los Bienes Personales, por la presentaci\u00f3n de las declaraciones juradas y el pago de vencimientos, adem\u00e1s del aumento de las al\u00edcuotas.<\/p>\n<p>Ese aumento tuvo una incidencia superior a la que impulsaron en el sentido contrario las ca\u00eddas reales (es decir, deducida la inflaci\u00f3n acumulada en los \u00faltimos doce meses) en las transferencias a los 24 distritos de la recaudaci\u00f3n de IVA (-18,7%) y Ganancias (-2,4%), los principales ingresos tributarios nacionales, ambos coparticipables a diferencia de los derechos de exportaci\u00f3n, al cheque y el PAIS.<\/p>\n<p>De todos modos, m\u00e1s all\u00e1 del car\u00e1cter excepcional del incremento real, la noticia es un alivio para las administraciones de los 24 distritos subnacionales, que en 12 de los 15 meses previos tuvieron descensos interanuales en los recursos que percibieron por Coparticipaci\u00f3n.<\/p>\n<p>Esa ca\u00edda, si bien se arrastra desde hace m\u00e1s de un a\u00f1o y ocurre a pesar del reintegro gradual de 3 puntos porcentuales de la masa coparticipable, se agrav\u00f3 con mucha intensidad con \u201cel advenimiento de la pandemia\u201d que \u201csignific\u00f3 un fuerte \u2018parate\u2019 en la actividad\u201d, se\u00f1al\u00f3 CEPA.<\/p>\n<p>\u201cEn estas circunstancias, la recaudaci\u00f3n de los niveles nacionales, provinciales y municipales se ha visto sensiblemente afectada, tanto por la reducci\u00f3n del monto de impuestos y tasas derivado de la inactividad, como por el atraso en el pago\u201d, agreg\u00f3.<\/p>\n<p>Si bien la ca\u00edda es generalizada, la situaci\u00f3n no es similar para todas las jurisdicciones, ya que salvo Buenos Aires, Neuqu\u00e9n y CABA, el resto de las provincias depende en mayor medida de las transferencias nacionales que de los recursos propios, aunque con diferencias en las proporciones.<\/p>\n<p>Tanto es as\u00ed que mientras para CABA los recursos de Coparticipaci\u00f3n representaron en 2019 el 26,7% del total administrado por Horacio Rodr\u00edguez Larreta, para Gildo Insfr\u00e1n en Formosa significaron el 93,4%.<\/p>\n<p>En el an\u00e1lisis general, CEPA destac\u00f3 que \u201cagosto muestra un retorno a niveles previos a la pandemia\u201d, que en una primera parte mostraba un derrotero en la recaudaci\u00f3n \u201cque es sostenido y empeora: -11,4% en marzo, -17,9% en abril, -25,8% en mayo\u201d.<\/p>\n<p>Dentro de lo negativo, junio y julio mostraron \u201cuna marcada desaceleraci\u00f3n de esa ca\u00edda\u201d con -11,6% y 14,1%, respectivamente.<\/p>\n<p>\u201cAl considerar la situaci\u00f3n provincia por provincia, es posible distinguir que la p\u00e9rdida en t\u00e9rminos reales de las transferencias por Coparticipaci\u00f3n tiene en sus extremos a CABA, con una ca\u00edda de 5,1% y Buenos Aires, que recupera 4,7%, en un escenario donde la mayor\u00eda de las provincias le ganan a la recaudaci\u00f3n del a\u00f1o anterior nominalmente\u201d, a\u00f1adi\u00f3.<\/p>\n","protected":false},"excerpt":{"rendered":"<p>CEPA destac\u00f3 la incidencia que tuvieron el mes pasado las transferencias vinculadas al impuesto sobre los Bienes Personales &nbsp; &nbsp; Las transferencias de la Naci\u00f3n a las provincias en concepto de Coparticipaci\u00f3n Federal de Impuestos tuvieron en agosto su primer aumento interanual en t\u00e9rminos reales de los \u00faltimos nueve meses, con un incremento del 1,6% en relaci\u00f3n con el mismo mes del a\u00f1o pasado. El quiebre de la tendencia negativa iniciada en noviembre de 2019 fue destacada por el Centro de Econom\u00eda Pol\u00edtica Argentina (CEPA), en un an\u00e1lisis que, no&#8230;<\/p>\n","protected":false},"author":3,"featured_media":13003,"comment_status":"closed","ping_status":"closed","sticky":false,"template":"","format":"standard","meta":[],"categories":[2],"tags":[],"_links":{"self":[{"href":"https:\/\/www.actualidadadiario.com\/index.php\/wp-json\/wp\/v2\/posts\/66558"}],"collection":[{"href":"https:\/\/www.actualidadadiario.com\/index.php\/wp-json\/wp\/v2\/posts"}],"about":[{"href":"https:\/\/www.actualidadadiario.com\/index.php\/wp-json\/wp\/v2\/types\/post"}],"author":[{"embeddable":true,"href":"https:\/\/www.actualidadadiario.com\/index.php\/wp-json\/wp\/v2\/users\/3"}],"replies":[{"embeddable":true,"href":"https:\/\/www.actualidadadiario.com\/index.php\/wp-json\/wp\/v2\/comments?post=66558"}],"version-history":[{"count":1,"href":"https:\/\/www.actualidadadiario.com\/index.php\/wp-json\/wp\/v2\/posts\/66558\/revisions"}],"predecessor-version":[{"id":66559,"href":"https:\/\/www.actualidadadiario.com\/index.php\/wp-json\/wp\/v2\/posts\/66558\/revisions\/66559"}],"wp:featuredmedia":[{"embeddable":true,"href":"https:\/\/www.actualidadadiario.com\/index.php\/wp-json\/wp\/v2\/media\/13003"}],"wp:attachment":[{"href":"https:\/\/www.actualidadadiario.com\/index.php\/wp-json\/wp\/v2\/media?parent=66558"}],"wp:term":[{"taxonomy":"category","embeddable":true,"href":"https:\/\/www.actualidadadiario.com\/index.php\/wp-json\/wp\/v2\/categories?post=66558"},{"taxonomy":"post_tag","embeddable":true,"href":"https:\/\/www.actualidadadiario.com\/index.php\/wp-json\/wp\/v2\/tags?post=66558"}],"curies":[{"name":"wp","href":"https:\/\/api.w.org\/{rel}","templated":true}]}}