{"id":66556,"date":"2020-09-04T12:37:15","date_gmt":"2020-09-04T15:37:15","guid":{"rendered":"https:\/\/www.actualidadadiario.com\/?p=66556"},"modified":"2020-09-04T12:37:15","modified_gmt":"2020-09-04T15:37:15","slug":"anses-oficializo-la-eliminacion-definitiva-de-la-fe-de-vida","status":"publish","type":"post","link":"https:\/\/www.actualidadadiario.com\/index.php\/2020\/09\/04\/anses-oficializo-la-eliminacion-definitiva-de-la-fe-de-vida\/","title":{"rendered":"Anses oficializ\u00f3 la eliminaci\u00f3n definitiva de la Fe de Vida"},"content":{"rendered":"<p style=\"text-align: center;\"><em><strong>Los jubilados y pensionados ya no deber\u00e1n realizar el tr\u00e1mite debido a la creaci\u00f3n de la plataforma federal del Certificado Digital de Hechos Vitales. Tambi\u00e9n se simplificar\u00e1 el registro de los nacimientos<\/strong><\/em><\/p>\n<p>&nbsp;<\/p>\n<p>&nbsp;<\/p>\n<p>La Administraci\u00f3n Nacional de la Seguridad Social (Anses) oficializ\u00f3 este martes la suspensi\u00f3n de la Fe de Vida a trav\u00e9s de la creaci\u00f3n de la plataforma federal del Certificado Digital de Hechos Vitales (CDHV), que tambi\u00e9n permitir\u00e1 la obtenci\u00f3n de los certificados de nacimiento de manera simplificada.<\/p>\n<p>&#8220;A pesar de que en el marco de la pandemia de Covid-19 el tr\u00e1mite est\u00e1 suspendido provisoriamente, con esta nueva herramienta, que estar\u00e1 vigente desde ma\u00f1ana como una prueba piloto de 90 d\u00edas, 7 millones de beneficiarios y beneficiarias del Sistema Integrado Previsional Argentino (SIPA) no tendr\u00e1n que volver a realizar el tr\u00e1mite de Fe de Vida&#8221;, precis\u00f3 la Anses en un comunicado.<\/p>\n<p>La plataforma digital que permitir\u00e1 las nuevas medidas fue creada este jueves mediante un convenio firmado por la titular de Anses, Fernanda Raverta, el ministro del Interior, Eduardo &#8220;Wado&#8221; de Pedro, y el ministro de Salud, Gin\u00e9s Gonz\u00e1lez Garc\u00eda, en un desarrollo conjunto a cargo del Renaper.<\/p>\n<p>La plataforma &#8220;permitir\u00e1 que organismos p\u00fablicos y entidades privadas cuenten con informaci\u00f3n digital en tiempo real para el proceso de pol\u00edticas sanitarias, previsi\u00f3n social, identidad e inclusi\u00f3n financiera&#8221;, inform\u00f3 el organismo previsional.<\/p>\n<p>&#8220;Este convenio permite cuidar en materia de salud a nuestros jubilados y jubiladas, y resolver de manera inteligente el tr\u00e1mite de Fe de Vida. Se trata de facilitar el intercambio de informaci\u00f3n entre organismos nacionales y provinciales que impactar\u00e1 directamente en nuestra base de datos\u201d, expres\u00f3 Raverta.<\/p>\n<p>De esta forma, el tr\u00e1mite de la Fe de Vida podr\u00e1 resolverse &#8220;desde el Estado sin que el jubilado tenga que informar su supervivencia&#8221; y &#8220;sin que el jubilado y la jubilada tenga que salir de su casa&#8221;, a\u00f1adi\u00f3 la titular de Anses.<\/p>\n<p>En la misma l\u00ednea, De Pedro resalt\u00f3 que &#8220;el Estado va a simplificar la vida a millones de argentinos y argentinas, que adem\u00e1s de no tener que dar m\u00e1s Fe de Vida para cobrar sus jubilaciones, podr\u00e1n obtener partidas de nacimiento y defunci\u00f3n de forma digital&#8221;, mientras que Gonz\u00e1lez Garc\u00eda afirm\u00f3 que &#8220;desde el punto de vista de Salud estoy convencido de que esto va a significar contar con informaci\u00f3n en tiempo real y seremos una de las \u00e1reas m\u00e1s beneficiadas. Es una herramienta que favorece a todo nuestro pa\u00eds y va a eliminar a la gente tener que hacer muchos tr\u00e1mites&#8221;.<\/p>\n<p>Asimismo, el director del Renaper, Santiago Rodr\u00edguez, afirm\u00f3: \u201cEstamos trabajando de forma articulada y federal para garantizar el derecho a la identidad digital legal y segura para todos los habitantes. En este sentido se imprime la apuesta por la digitalizaci\u00f3n progresiva, la innovaci\u00f3n y la incorporaci\u00f3n de nuevas tecnolog\u00edas, en este caso 100% desarrollo nacional, al servicio de los ciudadanos.\u201d<\/p>\n<p>&nbsp;<\/p>\n<p><strong>Qu\u00e9 es la supervivencia o Fe de Vida<\/strong><\/p>\n<p>El tr\u00e1mite, que ahora quedar\u00e1 en el pasado, era de car\u00e1cter obligatorio y los jubilados y pensionados deb\u00edan realizarlo en persona o por medio de sus apoderados para demostrar que el beneficiario del haber sigue con vida.<\/p>\n<p>Se realizaba de diferentes maneras seg\u00fan el banco donde cobraban y si resid\u00edan en el pa\u00eds o en el extranjero.<\/p>\n<p>&nbsp;<\/p>\n<p><strong>Qu\u00e9 medios se utilizaban para informar la supervivencia<\/strong><\/p>\n<p>El banco donde cobraban la jubilaci\u00f3n o pensi\u00f3n determinaba la frecuencia y la forma del tr\u00e1mite.<\/p>\n<p>&nbsp;<\/p>\n<p><strong>Las formas m\u00e1s utilizadas para los residentes en Argentina eran:<\/strong><\/p>\n<ul>\n<li>Cobrar la jubilaci\u00f3n o pensi\u00f3n por ventanilla en el banco.<\/li>\n<li>Realizaban una compra con la tarjeta de d\u00e9bito o cr\u00e9dito asociada a la cuenta bancaria.<\/li>\n<li>Poner tu huella digital en los diferentes t\u00f3tems de los bancos.<\/li>\n<li>Acerc\u00e1ndote a una Terminal de Autoconsulta biom\u00e9trica ubicada en las Oficinas de Anses.<\/li>\n<\/ul>\n<p>&nbsp;<\/p>\n<p><strong>\u00bfQu\u00e9 son los Certificados de Hechos Vitales?<\/strong><\/p>\n<ul>\n<li>Los Certificados de Hechos Vitales son la documentaci\u00f3n mediante la cual se comprueban m\u00e9dicamente los hechos vitales de las personas (nacimientos y defunciones).<\/li>\n<li>Son confeccionados por m\u00e9dicos matriculados e inscriptos a tal fin con firma digital registrada.<\/li>\n<li>Se utilizan para labrar las partidas de nacimiento y de defunci\u00f3n por parte de los registros civiles provinciales de todo el pa\u00eds.<\/li>\n<li>Contienen informaci\u00f3n sanitaria para construir estad\u00edsticas en materia de salud p\u00fablica, y para el dise\u00f1o e implementaci\u00f3n de pol\u00edticas p\u00fablicas<\/li>\n<\/ul>\n<p>&nbsp;<\/p>\n<p><strong>Qu\u00e9 es la Plataforma Federal de emisi\u00f3n del Certificado Digital de Hechos Vitales<\/strong><\/p>\n<p>Esta plataforma digital y federal desarrollada por el Renaper agilizar\u00e1 la confecci\u00f3n y emisi\u00f3n de Certificados de Hechos Vitales.<\/p>\n<p>Se trata de un trabajo conjunto con el Ministerio de Salud y la Anses y se utilizar\u00e1 la plataforma de Firma Digital de la Secretar\u00eda de Innovaci\u00f3n P\u00fablica de la Jefatura de Gabinete, y se articular\u00e1 su implementaci\u00f3n con las 23 provincias y CABA.<\/p>\n<p>Tiene como objetivo la implementaci\u00f3n de una plataforma digital de uso federal que permita la confecci\u00f3n y emisi\u00f3n de los Certificados Digitales de Hechos Vitales, y su notificaci\u00f3n en tiempo real a los organismos que corresponda.<\/p>\n<p>Hasta ahora, en Argentina no exist\u00eda una plataforma \u00fanica de confecci\u00f3n y emisi\u00f3n digital de certificados de hechos vitales. En casi todas las provincias se emite en formato papel y se confecciona manualmente, lo que trae las siguientes consecuencias:<\/p>\n<ul>\n<li>La informaci\u00f3n no llega en tiempo y forma a quien la necesita, lo cual afecta al dise\u00f1o e implementaci\u00f3n de pol\u00edticas p\u00fablicas, y obliga tambi\u00e9n a 7 millones de jubilados y pensionados a realizar 28 millones de tr\u00e1mites presenciales de Fe de Vida anuales.<\/li>\n<li>Los registros civiles provinciales deben copiar manualmente la informaci\u00f3n de los certificados para labrar las actas o partidas, lo que lleva a una carga de trabajo adicional innecesaria. Adem\u00e1s, genera errores y distorsiones en los datos de los registros y las estad\u00edsticas oficiales.<\/li>\n<li>Imposibilita la creaci\u00f3n de un sistema integral de alerta temprana de nacimientos, clave para el dise\u00f1o de pol\u00edticas que aseguren el derecho a la identidad con subregistro e indocumentados cero, y de pol\u00edticas de primera infancia.<\/li>\n<li>Dificulta la centralizaci\u00f3n y gesti\u00f3n de la informaci\u00f3n cl\u00ednica de los pacientes en el sistema de salud (historias cl\u00ednicas, libros de parto, etc).<\/li>\n<\/ul>\n<p>&nbsp;<\/p>\n<p><strong>C\u00f3mo ser\u00e1 la implementaci\u00f3n de la Plataforma<\/strong><\/p>\n<ul>\n<li>La plataforma estar\u00e1 disponible para la prueba piloto desde el 3 de septiembre<\/li>\n<li>Se iniciar\u00e1 asimismo el proceso de enrolamiento de de los m\u00e9dicos en todo el pa\u00eds<\/li>\n<li>El proceso de implementaci\u00f3n piloto de la Plataforma demandar\u00e1 90 d\u00edas, luego del cual se realizar\u00e1 una evaluaci\u00f3n, ajuste e implementaci\u00f3n<\/li>\n<li>En la primera etapa de implementaci\u00f3n convivir\u00e1 el formato papel con el<\/li>\n<li>La implementaci\u00f3n se habilitar\u00e1 con una Resoluci\u00f3n Conjunta entre Ministerio del Interior (RENAPER), Ministerio de Salud y ANSES<\/li>\n<\/ul>\n<p>&nbsp;<\/p>\n<p><strong>C\u00f3mo funcionar\u00e1 la plataforma<\/strong><\/p>\n<p><strong>Para los nacimientos se requerir\u00e1:<\/strong><\/p>\n<ul>\n<li>El n\u00famero de DNI de la madre<\/li>\n<li>El n\u00famero de DNI del m\u00e9dico o m\u00e9dica<\/li>\n<li>El nombre provisorio de la o el reci\u00e9n nacido.<\/li>\n<\/ul>\n<p>&nbsp;<\/p>\n<p><strong>Para las defunciones se precisar\u00e1<\/strong><\/p>\n<ul>\n<li>El n\u00famero de DNI de la persona fallecida<\/li>\n<li>El n\u00famero de DNI del m\u00e9dico o m\u00e9dica<\/li>\n<li>La causal de muerte<\/li>\n<\/ul>\n<p>Adem\u00e1s:<\/p>\n<ul>\n<li>En todos los casos, la aplicaci\u00f3n inform\u00e1tica traer\u00e1 con el n\u00famero de DNI ingresado los datos personales que figuran en las bases del Renaper y, en su caso, la matr\u00edcula profesional del personal m\u00e9dico interviniente.<\/li>\n<li>El medico interviniente firmar\u00e1 el certificado con firma digital, lo que solo ser\u00e1 possible una vez que est\u00e9 completo.<\/li>\n<li>El Certificado Digital se enviar\u00e1 en forma autom\u00e1tica al Registro Civil correspondiente, y la informaci\u00f3n de alerta temprana y estad\u00edstica al Renaper, Ministerio de Salud, ANSES y organismos que corresponda en tiempo real.<\/li>\n<\/ul>\n","protected":false},"excerpt":{"rendered":"<p>Los jubilados y pensionados ya no deber\u00e1n realizar el tr\u00e1mite debido a la creaci\u00f3n de la plataforma federal del Certificado Digital de Hechos Vitales. Tambi\u00e9n se simplificar\u00e1 el registro de los nacimientos &nbsp; &nbsp; La Administraci\u00f3n Nacional de la Seguridad Social (Anses) oficializ\u00f3 este martes la suspensi\u00f3n de la Fe de Vida a trav\u00e9s de la creaci\u00f3n de la plataforma federal del Certificado Digital de Hechos Vitales (CDHV), que tambi\u00e9n permitir\u00e1 la obtenci\u00f3n de los certificados de nacimiento de manera simplificada. &#8220;A pesar de que en el marco de la&#8230;<\/p>\n","protected":false},"author":3,"featured_media":66348,"comment_status":"closed","ping_status":"closed","sticky":false,"template":"","format":"standard","meta":[],"categories":[2],"tags":[],"_links":{"self":[{"href":"https:\/\/www.actualidadadiario.com\/index.php\/wp-json\/wp\/v2\/posts\/66556"}],"collection":[{"href":"https:\/\/www.actualidadadiario.com\/index.php\/wp-json\/wp\/v2\/posts"}],"about":[{"href":"https:\/\/www.actualidadadiario.com\/index.php\/wp-json\/wp\/v2\/types\/post"}],"author":[{"embeddable":true,"href":"https:\/\/www.actualidadadiario.com\/index.php\/wp-json\/wp\/v2\/users\/3"}],"replies":[{"embeddable":true,"href":"https:\/\/www.actualidadadiario.com\/index.php\/wp-json\/wp\/v2\/comments?post=66556"}],"version-history":[{"count":1,"href":"https:\/\/www.actualidadadiario.com\/index.php\/wp-json\/wp\/v2\/posts\/66556\/revisions"}],"predecessor-version":[{"id":66557,"href":"https:\/\/www.actualidadadiario.com\/index.php\/wp-json\/wp\/v2\/posts\/66556\/revisions\/66557"}],"wp:featuredmedia":[{"embeddable":true,"href":"https:\/\/www.actualidadadiario.com\/index.php\/wp-json\/wp\/v2\/media\/66348"}],"wp:attachment":[{"href":"https:\/\/www.actualidadadiario.com\/index.php\/wp-json\/wp\/v2\/media?parent=66556"}],"wp:term":[{"taxonomy":"category","embeddable":true,"href":"https:\/\/www.actualidadadiario.com\/index.php\/wp-json\/wp\/v2\/categories?post=66556"},{"taxonomy":"post_tag","embeddable":true,"href":"https:\/\/www.actualidadadiario.com\/index.php\/wp-json\/wp\/v2\/tags?post=66556"}],"curies":[{"name":"wp","href":"https:\/\/api.w.org\/{rel}","templated":true}]}}