{"id":66550,"date":"2020-09-04T12:35:49","date_gmt":"2020-09-04T15:35:49","guid":{"rendered":"https:\/\/www.actualidadadiario.com\/?p=66550"},"modified":"2020-09-04T12:35:49","modified_gmt":"2020-09-04T15:35:49","slug":"las-lluvias-mejoraron-el-panorama-y-alejaron-a-entre-rios-del-riesgo-de-sequia","status":"publish","type":"post","link":"https:\/\/www.actualidadadiario.com\/index.php\/2020\/09\/04\/las-lluvias-mejoraron-el-panorama-y-alejaron-a-entre-rios-del-riesgo-de-sequia\/","title":{"rendered":"Las lluvias mejoraron el panorama y alejaron a Entre R\u00edos del riesgo de sequ\u00eda"},"content":{"rendered":"<p style=\"text-align: center;\"><em><strong>\u00abAdem\u00e1s del buen volumen de precipitaciones, la forma de llover fue muy beneficiosa\u00bb para el campo. La Bolsa de Cereales de Entre R\u00edos estima que \u00abal menos durante una semana las lluvias quedar\u00e1n ausentes\u00bb<\/strong><\/em><\/p>\n<p>&nbsp;<\/p>\n<p>Las lluvias que comenzaron a registrarse en forma d\u00e9bil y dispersa durante la \u00faltima jornada de agosto y que se intensificaron durante los dos primeros d\u00edas de agosto fueron una bendici\u00f3n para el sector agropecuario. Desde la Bolsa de Cereales de Entre R\u00edos destacaron que \u00abadem\u00e1s del buen volumen de precipitaciones, la forma de llover fue muy beneficiosa en t\u00e9rminos de la incorporaci\u00f3n del agua al perfil\u00bb. As\u00ed, los suelos pudieron aprovechar el 100 por ciento del agua ca\u00edda.<\/p>\n<p>Esto fue \u00abmuy beneficioso y m\u00e1s que oportuno\u00bb, resaltaron.<\/p>\n<p>No obstante, se\u00f1alaron: \u00abEn el mapa podemos reconocer una distribuci\u00f3n de lluvias que ya se observ\u00f3 durante junio, con tendencia desfavorecer al sudoeste de la provincia. Si solo analizamos la suma que muestra el mapa, estaremos de acuerdo que el acumulado en el sudoeste es relativamente bueno, si tenemos en cuenta que en septiembre la media mensual es de 60 mil\u00edmetros. Sin embargo, si vemos hacia los departamentos del centro y norte provincial, detectamos que esta marca mayoritariamente ya se alcanz\u00f3, es decir, todav\u00eda hay un patr\u00f3n que no logra incorporar al sudoeste con un piso de lluvias m\u00e1s elevado. Sigue siendo, entonces, la zona m\u00e1s vulnerable de la provincia\u00bb.<\/p>\n<p>\u00abEl balance h\u00eddrico presenta una recarga muy significativa en todo el territorio de la provincia respecto de la semana pasada. Los excesos son corrientes en casi toda la franja este de la provincia, con sectores del sudoeste donde se detectan \u00e1reas que hubiesen necesitado un poco m\u00e1s\u00bb, explicaron desde la Bolsa de Cereales.<\/p>\n<p>Precisaron que \u00ablas \u00faltimas precipitaciones seguramente posicionan de mejor forma a los lotes de trigo que a mediados de mes van a comenzar a florecer\u00bb.<\/p>\n<p>Por otra parte, acumulados pluviales que en algunas zonas superaron los 50 mil\u00edmetros, \u00abhan generado las recargas superficiales necesarias para avanzar con las siembras de ma\u00edz, las cuales seguramente ser\u00e1n apoyadas por un comportamiento t\u00e9rmico m\u00e1s moderado, ya con menor chance de que se observen heladas\u00bb.<\/p>\n<p>Es por ello que los especialistas consideran que \u00abel corto y mediano plazo est\u00e1n razonablemente resueltos\u00bb.<\/p>\n<p>\u00abAl menos durante una semana, pueden ser diez d\u00edas, las lluvias quedar\u00e1n ausentes en el territorio entrerriano. Hacia el pr\u00f3ximo fin de semana se ver\u00e1 cual es el comportamiento del frente que puede favorecer el regreso de las precipitaciones a la provincia. Si durante todo este tiempo, se observa una buena circulaci\u00f3n de aire del noreste y, aun bajo condiciones de mucha estabilidad, las temperaturas lentamente van creciendo, seguramente estaremos ante una buena posibilidad de que se concrete un evento pluvial satisfactorio. El objetivo principal de septiembre es proveer al sudoeste de Entre R\u00edos de al menos 60 mm de lluvia. Todo lo que sobra suma positivamente\u00bb, completaron los t\u00e9cnicos de la Bolsa de Cereales de la provincia.<\/p>\n","protected":false},"excerpt":{"rendered":"<p>\u00abAdem\u00e1s del buen volumen de precipitaciones, la forma de llover fue muy beneficiosa\u00bb para el campo. La Bolsa de Cereales de Entre R\u00edos estima que \u00abal menos durante una semana las lluvias quedar\u00e1n ausentes\u00bb &nbsp; Las lluvias que comenzaron a registrarse en forma d\u00e9bil y dispersa durante la \u00faltima jornada de agosto y que se intensificaron durante los dos primeros d\u00edas de agosto fueron una bendici\u00f3n para el sector agropecuario. Desde la Bolsa de Cereales de Entre R\u00edos destacaron que \u00abadem\u00e1s del buen volumen de precipitaciones, la forma de llover&#8230;<\/p>\n","protected":false},"author":3,"featured_media":66551,"comment_status":"closed","ping_status":"closed","sticky":false,"template":"","format":"standard","meta":[],"categories":[15],"tags":[],"_links":{"self":[{"href":"https:\/\/www.actualidadadiario.com\/index.php\/wp-json\/wp\/v2\/posts\/66550"}],"collection":[{"href":"https:\/\/www.actualidadadiario.com\/index.php\/wp-json\/wp\/v2\/posts"}],"about":[{"href":"https:\/\/www.actualidadadiario.com\/index.php\/wp-json\/wp\/v2\/types\/post"}],"author":[{"embeddable":true,"href":"https:\/\/www.actualidadadiario.com\/index.php\/wp-json\/wp\/v2\/users\/3"}],"replies":[{"embeddable":true,"href":"https:\/\/www.actualidadadiario.com\/index.php\/wp-json\/wp\/v2\/comments?post=66550"}],"version-history":[{"count":1,"href":"https:\/\/www.actualidadadiario.com\/index.php\/wp-json\/wp\/v2\/posts\/66550\/revisions"}],"predecessor-version":[{"id":66552,"href":"https:\/\/www.actualidadadiario.com\/index.php\/wp-json\/wp\/v2\/posts\/66550\/revisions\/66552"}],"wp:featuredmedia":[{"embeddable":true,"href":"https:\/\/www.actualidadadiario.com\/index.php\/wp-json\/wp\/v2\/media\/66551"}],"wp:attachment":[{"href":"https:\/\/www.actualidadadiario.com\/index.php\/wp-json\/wp\/v2\/media?parent=66550"}],"wp:term":[{"taxonomy":"category","embeddable":true,"href":"https:\/\/www.actualidadadiario.com\/index.php\/wp-json\/wp\/v2\/categories?post=66550"},{"taxonomy":"post_tag","embeddable":true,"href":"https:\/\/www.actualidadadiario.com\/index.php\/wp-json\/wp\/v2\/tags?post=66550"}],"curies":[{"name":"wp","href":"https:\/\/api.w.org\/{rel}","templated":true}]}}