{"id":66547,"date":"2020-09-04T12:35:08","date_gmt":"2020-09-04T15:35:08","guid":{"rendered":"https:\/\/www.actualidadadiario.com\/?p=66547"},"modified":"2020-09-04T12:35:08","modified_gmt":"2020-09-04T15:35:08","slug":"comerciantes-de-concordia-evaluan-volver-a-trabajar-de-corrido-por-el-aumento-de-casos","status":"publish","type":"post","link":"https:\/\/www.actualidadadiario.com\/index.php\/2020\/09\/04\/comerciantes-de-concordia-evaluan-volver-a-trabajar-de-corrido-por-el-aumento-de-casos\/","title":{"rendered":"Comerciantes de Concordia eval\u00faan volver a trabajar de corrido, por el aumento de casos"},"content":{"rendered":"<p style=\"text-align: center;\"><em><strong>As\u00ed lo adelant\u00f3 Diego Lago, presidente del Centro de Comercio, Industria y Servicios de Concordia. Ante los nuevos casos positivos de COVID-19, buscan evitar el cierre total y la consiguiente par\u00e1lisis de la actividad<\/strong><\/em><\/p>\n<p>&nbsp;<\/p>\n<p>Este mi\u00e9rcoles, Concordia registr\u00f3 en un solo d\u00eda 20 casos positivos. Fue un momento sin precedentes, lo que oblig\u00f3 al intendente a realizar una conferencia donde llam\u00f3 a extremar medidas sanitarias. \u201cEn un momento u otro iba a suceder, ya que los comerciantes son ciudadanos que se pod\u00edan contagiar\u201d, dijo el comerciante y a\u00f1adi\u00f3: \u201cal incrementarse los casos, en alg\u00fan comercio ten\u00eda que suceder\u201d.<\/p>\n<p>&nbsp;<\/p>\n<p><strong>Eval\u00faan un cambio de horario<\/strong><\/p>\n<p>Ante una eventual regresi\u00f3n de fase, el titular del CCISC inform\u00f3 que \u201cestamos evaluando un cambio en el horario porque en todas las ciudades que esto se complic\u00f3 debieron cerrar\u201d.<\/p>\n<p>\u201cLo que queremos es adelantarnos y, si vemos que en los pr\u00f3ximos d\u00edas siguen los contagios, no descartamos solicitar una vuelta atr\u00e1s con los horarios y volver al corrido de 9 a 17 horas, por ejemplo\u201d, adelant\u00f3 y aclar\u00f3 que \u201cser\u00e1 siempre y cuando logremos un consenso de todos y no que las grandes superficies contin\u00faen abiertas a la hora que quieran\u201d.<\/p>\n<p>&nbsp;<\/p>\n<p><strong>La extensi\u00f3n implementada hace 3 semanas<\/strong><\/p>\n<p>El 12 de agosto, la Municipalidad y el propio Centro de Comercio anunciaron que se hab\u00eda llegado a un acuerdo entre las partes para que se extendiera el horario de atenci\u00f3n tanto del sector comercial como del gastron\u00f3mico.<\/p>\n<p>&#8220;Por pedido del Centro de Comercio, Industria y Servicios de Concordia, en la ma\u00f1ana de este mi\u00e9rcoles el Intendente Alfredo Francolini firm\u00f3 el decreto municipal que autoriza la extensi\u00f3n de habilitaci\u00f3n horaria para la gran mayor\u00eda de los rubros comerciales y el sector gastron\u00f3mico&#8221;, comunicaron en referencia a una medida que empez\u00f3 a regir el viernes 14 de agosto.<\/p>\n<p>Desde hace 20 d\u00edas, entonces, los comercios de venta de alimentos y anexos est\u00e1n autorizados a abrir puertas de 7 a 21; los gastron\u00f3micos de 8 a 1 de la madrugada; kioscos y drugstores de 7 a 21; agencias de loter\u00eda y quiniela de 8 a 20 y el servicio de cementario de 9 a 17.<\/p>\n","protected":false},"excerpt":{"rendered":"<p>As\u00ed lo adelant\u00f3 Diego Lago, presidente del Centro de Comercio, Industria y Servicios de Concordia. Ante los nuevos casos positivos de COVID-19, buscan evitar el cierre total y la consiguiente par\u00e1lisis de la actividad &nbsp; Este mi\u00e9rcoles, Concordia registr\u00f3 en un solo d\u00eda 20 casos positivos. Fue un momento sin precedentes, lo que oblig\u00f3 al intendente a realizar una conferencia donde llam\u00f3 a extremar medidas sanitarias. \u201cEn un momento u otro iba a suceder, ya que los comerciantes son ciudadanos que se pod\u00edan contagiar\u201d, dijo el comerciante y a\u00f1adi\u00f3: \u201cal&#8230;<\/p>\n","protected":false},"author":3,"featured_media":66548,"comment_status":"closed","ping_status":"closed","sticky":false,"template":"","format":"standard","meta":[],"categories":[15],"tags":[],"_links":{"self":[{"href":"https:\/\/www.actualidadadiario.com\/index.php\/wp-json\/wp\/v2\/posts\/66547"}],"collection":[{"href":"https:\/\/www.actualidadadiario.com\/index.php\/wp-json\/wp\/v2\/posts"}],"about":[{"href":"https:\/\/www.actualidadadiario.com\/index.php\/wp-json\/wp\/v2\/types\/post"}],"author":[{"embeddable":true,"href":"https:\/\/www.actualidadadiario.com\/index.php\/wp-json\/wp\/v2\/users\/3"}],"replies":[{"embeddable":true,"href":"https:\/\/www.actualidadadiario.com\/index.php\/wp-json\/wp\/v2\/comments?post=66547"}],"version-history":[{"count":1,"href":"https:\/\/www.actualidadadiario.com\/index.php\/wp-json\/wp\/v2\/posts\/66547\/revisions"}],"predecessor-version":[{"id":66549,"href":"https:\/\/www.actualidadadiario.com\/index.php\/wp-json\/wp\/v2\/posts\/66547\/revisions\/66549"}],"wp:featuredmedia":[{"embeddable":true,"href":"https:\/\/www.actualidadadiario.com\/index.php\/wp-json\/wp\/v2\/media\/66548"}],"wp:attachment":[{"href":"https:\/\/www.actualidadadiario.com\/index.php\/wp-json\/wp\/v2\/media?parent=66547"}],"wp:term":[{"taxonomy":"category","embeddable":true,"href":"https:\/\/www.actualidadadiario.com\/index.php\/wp-json\/wp\/v2\/categories?post=66547"},{"taxonomy":"post_tag","embeddable":true,"href":"https:\/\/www.actualidadadiario.com\/index.php\/wp-json\/wp\/v2\/tags?post=66547"}],"curies":[{"name":"wp","href":"https:\/\/api.w.org\/{rel}","templated":true}]}}