{"id":66545,"date":"2020-09-04T12:34:03","date_gmt":"2020-09-04T15:34:03","guid":{"rendered":"https:\/\/www.actualidadadiario.com\/?p=66545"},"modified":"2020-09-04T12:34:03","modified_gmt":"2020-09-04T15:34:03","slug":"se-registraron-otros-121-casos-de-coronavirus-en-entre-rios-y-el-total-ya-supera-los-4-mil","status":"publish","type":"post","link":"https:\/\/www.actualidadadiario.com\/index.php\/2020\/09\/04\/se-registraron-otros-121-casos-de-coronavirus-en-entre-rios-y-el-total-ya-supera-los-4-mil\/","title":{"rendered":"Se registraron otros 121 casos de coronavirus en Entre R\u00edos y el total ya supera los 4 mil"},"content":{"rendered":"<p style=\"text-align: center;\"><em><strong>El \u00e1rea de Vigilancia Epidemiol\u00f3gica confirm\u00f3 que este viernes en Entre R\u00edos se registraron 121 nuevos casos de coronavirus \u00b7\u00a0 De ellos, 105 corresponden al Departamento Paran\u00e1 \u00b7 De este modo, el total de casos en la provincia asciende a 4014<\/strong><\/em><\/p>\n<p>&nbsp;<\/p>\n<p>&nbsp;<\/p>\n<p><strong>Los nuevos casos se distribuyen departamentalmente de la siguiente manera:<\/strong><\/p>\n<p>Paran\u00e1 : 105<\/p>\n<p>Gualeguaych\u00fa : 15<\/p>\n<p>San Salvador : 1<\/p>\n<p>Cabe destacar que contin\u00faan proces\u00e1ndose muestras de los otros departamentos, inform\u00f3 desde el Ministerio de Salud.<\/p>\n<p>De ese modo, en la provincia son 4.014 los casos confirmados.<\/p>\n","protected":false},"excerpt":{"rendered":"<p>El \u00e1rea de Vigilancia Epidemiol\u00f3gica confirm\u00f3 que este viernes en Entre R\u00edos se registraron 121 nuevos casos de coronavirus \u00b7\u00a0 De ellos, 105 corresponden al Departamento Paran\u00e1 \u00b7 De este modo, el total de casos en la provincia asciende a 4014 &nbsp; &nbsp; Los nuevos casos se distribuyen departamentalmente de la siguiente manera: Paran\u00e1 : 105 Gualeguaych\u00fa : 15 San Salvador : 1 Cabe destacar que contin\u00faan proces\u00e1ndose muestras de los otros departamentos, inform\u00f3 desde el Ministerio de Salud. De ese modo, en la provincia son 4.014 los casos confirmados.<\/p>\n","protected":false},"author":3,"featured_media":59960,"comment_status":"closed","ping_status":"closed","sticky":false,"template":"","format":"standard","meta":[],"categories":[9,15],"tags":[],"_links":{"self":[{"href":"https:\/\/www.actualidadadiario.com\/index.php\/wp-json\/wp\/v2\/posts\/66545"}],"collection":[{"href":"https:\/\/www.actualidadadiario.com\/index.php\/wp-json\/wp\/v2\/posts"}],"about":[{"href":"https:\/\/www.actualidadadiario.com\/index.php\/wp-json\/wp\/v2\/types\/post"}],"author":[{"embeddable":true,"href":"https:\/\/www.actualidadadiario.com\/index.php\/wp-json\/wp\/v2\/users\/3"}],"replies":[{"embeddable":true,"href":"https:\/\/www.actualidadadiario.com\/index.php\/wp-json\/wp\/v2\/comments?post=66545"}],"version-history":[{"count":1,"href":"https:\/\/www.actualidadadiario.com\/index.php\/wp-json\/wp\/v2\/posts\/66545\/revisions"}],"predecessor-version":[{"id":66546,"href":"https:\/\/www.actualidadadiario.com\/index.php\/wp-json\/wp\/v2\/posts\/66545\/revisions\/66546"}],"wp:featuredmedia":[{"embeddable":true,"href":"https:\/\/www.actualidadadiario.com\/index.php\/wp-json\/wp\/v2\/media\/59960"}],"wp:attachment":[{"href":"https:\/\/www.actualidadadiario.com\/index.php\/wp-json\/wp\/v2\/media?parent=66545"}],"wp:term":[{"taxonomy":"category","embeddable":true,"href":"https:\/\/www.actualidadadiario.com\/index.php\/wp-json\/wp\/v2\/categories?post=66545"},{"taxonomy":"post_tag","embeddable":true,"href":"https:\/\/www.actualidadadiario.com\/index.php\/wp-json\/wp\/v2\/tags?post=66545"}],"curies":[{"name":"wp","href":"https:\/\/api.w.org\/{rel}","templated":true}]}}