{"id":66543,"date":"2020-09-04T12:33:21","date_gmt":"2020-09-04T15:33:21","guid":{"rendered":"https:\/\/www.actualidadadiario.com\/?p=66543"},"modified":"2020-09-04T12:33:21","modified_gmt":"2020-09-04T15:33:21","slug":"entre-rios-esta-derivando-testeos-a-santa-fe-ante-la-saturacion-de-laboratorios","status":"publish","type":"post","link":"https:\/\/www.actualidadadiario.com\/index.php\/2020\/09\/04\/entre-rios-esta-derivando-testeos-a-santa-fe-ante-la-saturacion-de-laboratorios\/","title":{"rendered":"Entre R\u00edos est\u00e1 derivando testeos a Santa Fe ante la saturaci\u00f3n de laboratorios"},"content":{"rendered":"<p style=\"text-align: center;\"><em><strong>Se procesan alrededor de 300 testeos diarios y la demanda crece. Por eso, el Ministerio de Salud de la provincia decidi\u00f3 derivar muestras a un instituto de una provincia vecina. La idea es no retrasar la obtenci\u00f3n de resultados<\/strong><\/em><\/p>\n<p>&nbsp;<\/p>\n<p>&nbsp;<\/p>\n<p>El director del \u00e1rea de Epidemiolog\u00eda provincial, doctor Diego Garcilazo, inform\u00f3 que &#8220;superamos los 10 mil testeos realizados en Entre R\u00edos; que no es que son 10 mil personas sino que algunos fueron testeados m\u00e1s de una vez&#8221;.<\/p>\n<p>En declaraciones radiales, el funcionario detall\u00f3 que &#8220;estamos en el orden de los 300 testeos diarios y estamos, entre los dos laboratorios de la provincia, con un retraso mayor a las 48 horas en dar los resultados desde el ingreso de la muestra&#8221;.<\/p>\n<p>En ese contexto de alta demanda, Garcilazo coment\u00f3 que &#8220;estamos viendo de enviar muestras a algunos laboratorios privados y a otros dependientes del Malbr\u00e1n&#8221;, todo con el objetivo de &#8220;poder acelerar la entrega de muestras&#8221;.<\/p>\n<p>&#8220;Ya se est\u00e1n enviando algunas muestras a un instituto nacional que se encuentra en Santa Fe y son testeos principalmente de la ciudad de Paran\u00e1&#8221;, remat\u00f3.<\/p>\n","protected":false},"excerpt":{"rendered":"<p>Se procesan alrededor de 300 testeos diarios y la demanda crece. Por eso, el Ministerio de Salud de la provincia decidi\u00f3 derivar muestras a un instituto de una provincia vecina. La idea es no retrasar la obtenci\u00f3n de resultados &nbsp; &nbsp; El director del \u00e1rea de Epidemiolog\u00eda provincial, doctor Diego Garcilazo, inform\u00f3 que &#8220;superamos los 10 mil testeos realizados en Entre R\u00edos; que no es que son 10 mil personas sino que algunos fueron testeados m\u00e1s de una vez&#8221;. En declaraciones radiales, el funcionario detall\u00f3 que &#8220;estamos en el orden&#8230;<\/p>\n","protected":false},"author":3,"featured_media":60384,"comment_status":"closed","ping_status":"closed","sticky":false,"template":"","format":"standard","meta":[],"categories":[9,15],"tags":[],"_links":{"self":[{"href":"https:\/\/www.actualidadadiario.com\/index.php\/wp-json\/wp\/v2\/posts\/66543"}],"collection":[{"href":"https:\/\/www.actualidadadiario.com\/index.php\/wp-json\/wp\/v2\/posts"}],"about":[{"href":"https:\/\/www.actualidadadiario.com\/index.php\/wp-json\/wp\/v2\/types\/post"}],"author":[{"embeddable":true,"href":"https:\/\/www.actualidadadiario.com\/index.php\/wp-json\/wp\/v2\/users\/3"}],"replies":[{"embeddable":true,"href":"https:\/\/www.actualidadadiario.com\/index.php\/wp-json\/wp\/v2\/comments?post=66543"}],"version-history":[{"count":1,"href":"https:\/\/www.actualidadadiario.com\/index.php\/wp-json\/wp\/v2\/posts\/66543\/revisions"}],"predecessor-version":[{"id":66544,"href":"https:\/\/www.actualidadadiario.com\/index.php\/wp-json\/wp\/v2\/posts\/66543\/revisions\/66544"}],"wp:featuredmedia":[{"embeddable":true,"href":"https:\/\/www.actualidadadiario.com\/index.php\/wp-json\/wp\/v2\/media\/60384"}],"wp:attachment":[{"href":"https:\/\/www.actualidadadiario.com\/index.php\/wp-json\/wp\/v2\/media?parent=66543"}],"wp:term":[{"taxonomy":"category","embeddable":true,"href":"https:\/\/www.actualidadadiario.com\/index.php\/wp-json\/wp\/v2\/categories?post=66543"},{"taxonomy":"post_tag","embeddable":true,"href":"https:\/\/www.actualidadadiario.com\/index.php\/wp-json\/wp\/v2\/tags?post=66543"}],"curies":[{"name":"wp","href":"https:\/\/api.w.org\/{rel}","templated":true}]}}