{"id":66541,"date":"2020-09-04T12:32:16","date_gmt":"2020-09-04T15:32:16","guid":{"rendered":"https:\/\/www.actualidadadiario.com\/?p=66541"},"modified":"2020-09-04T12:32:16","modified_gmt":"2020-09-04T15:32:16","slug":"nuevo-fallo-a-favor-de-la-ley-de-emergencia","status":"publish","type":"post","link":"https:\/\/www.actualidadadiario.com\/index.php\/2020\/09\/04\/nuevo-fallo-a-favor-de-la-ley-de-emergencia\/","title":{"rendered":"Nuevo fallo a favor de la Ley de Emergencia"},"content":{"rendered":"<p style=\"text-align: center;\"><em><strong>El Juez Pablo V\u00edrgala, rechaz\u00f3 la demanda de amparo promovida por Vergara H\u00e9ctor Ra\u00fal contra Caja de Jubilaciones y Superior Gobierno de la provincia y se pronunci\u00f3 por la constitucionalidad de la Ley de Emergencia 10.806<\/strong><\/em><\/p>\n<p>&nbsp;<\/p>\n<p>&nbsp;<\/p>\n<p>El Fiscal de Estado Julio Rodr\u00edguez Signes, sobre la causa caratulada Vergara H\u00e9ctor Ra\u00fal dijo que \u201cel Juez Pablo V\u00edrgala, en los autos caratulados Vergara H\u00e9ctor Ra\u00fal contra Caja de Jubilaciones y Superior Gobierno de la provincia amparo con el patrocinio del Dr. Kisser, rechaz\u00f3 la demanda y se pronunci\u00f3 por la constitucionalidad de la Ley de Emergencia\u201d.<\/p>\n<p>En ese sentido Rodr\u00edguez Signes explic\u00f3 que \u201cse trata de un docente jubilado que interpret\u00f3 que el art\u00edculo seis de la Ley de Emergencia 10.806 conculcaba su derecho de propiedad, su derecho a la proporcionalidad del haber jubilatorio, etc. El Juez rechaz\u00f3 por inadmisible la acci\u00f3n de amparo\u201d, indic\u00f3 el Fiscal de Estado y dijo que el Juez \u201cHizo un an\u00e1lisis muy exhaustivo del tema y no encontr\u00f3 ning\u00fan argumento para la procedencia de la demanda\u201d, sostuvo.<\/p>\n<p>\u201cDe manera que excepto el caso Pav\u00f3n de Ezpeleta, todos los dem\u00e1s han sido sentencia favorables a la constitucionalidad de la ley de amparo\u201d, manifest\u00f3 y agreg\u00f3: \u201cQue resumo tenemos el caso Rombola con sentencia del Superior Tribunal de Justicia a favor de la Ley de Emergencia, el caso Cook, el caso Acu\u00f1a, el caso Vergara, todos a favor en este caso en primera instancia\u201d.<\/p>\n<p>Por \u00faltimo, se\u00f1al\u00f3 que \u201cel \u00fanico caso que tenemos en contra es Pav\u00f3n de Ezpeleta y por supuesto fue apelado por Fiscal\u00eda de Estado y est\u00e1 en tr\u00e1mite ante el superior Tribunal de Justicia que en este momento est\u00e1 resolviendo la cuesti\u00f3n de la integraci\u00f3n\u201d, concluy\u00f3 Rodr\u00edguez Signes.<\/p>\n","protected":false},"excerpt":{"rendered":"<p>El Juez Pablo V\u00edrgala, rechaz\u00f3 la demanda de amparo promovida por Vergara H\u00e9ctor Ra\u00fal contra Caja de Jubilaciones y Superior Gobierno de la provincia y se pronunci\u00f3 por la constitucionalidad de la Ley de Emergencia 10.806 &nbsp; &nbsp; El Fiscal de Estado Julio Rodr\u00edguez Signes, sobre la causa caratulada Vergara H\u00e9ctor Ra\u00fal dijo que \u201cel Juez Pablo V\u00edrgala, en los autos caratulados Vergara H\u00e9ctor Ra\u00fal contra Caja de Jubilaciones y Superior Gobierno de la provincia amparo con el patrocinio del Dr. Kisser, rechaz\u00f3 la demanda y se pronunci\u00f3 por la&#8230;<\/p>\n","protected":false},"author":3,"featured_media":66032,"comment_status":"closed","ping_status":"closed","sticky":false,"template":"","format":"standard","meta":[],"categories":[15],"tags":[],"_links":{"self":[{"href":"https:\/\/www.actualidadadiario.com\/index.php\/wp-json\/wp\/v2\/posts\/66541"}],"collection":[{"href":"https:\/\/www.actualidadadiario.com\/index.php\/wp-json\/wp\/v2\/posts"}],"about":[{"href":"https:\/\/www.actualidadadiario.com\/index.php\/wp-json\/wp\/v2\/types\/post"}],"author":[{"embeddable":true,"href":"https:\/\/www.actualidadadiario.com\/index.php\/wp-json\/wp\/v2\/users\/3"}],"replies":[{"embeddable":true,"href":"https:\/\/www.actualidadadiario.com\/index.php\/wp-json\/wp\/v2\/comments?post=66541"}],"version-history":[{"count":1,"href":"https:\/\/www.actualidadadiario.com\/index.php\/wp-json\/wp\/v2\/posts\/66541\/revisions"}],"predecessor-version":[{"id":66542,"href":"https:\/\/www.actualidadadiario.com\/index.php\/wp-json\/wp\/v2\/posts\/66541\/revisions\/66542"}],"wp:featuredmedia":[{"embeddable":true,"href":"https:\/\/www.actualidadadiario.com\/index.php\/wp-json\/wp\/v2\/media\/66032"}],"wp:attachment":[{"href":"https:\/\/www.actualidadadiario.com\/index.php\/wp-json\/wp\/v2\/media?parent=66541"}],"wp:term":[{"taxonomy":"category","embeddable":true,"href":"https:\/\/www.actualidadadiario.com\/index.php\/wp-json\/wp\/v2\/categories?post=66541"},{"taxonomy":"post_tag","embeddable":true,"href":"https:\/\/www.actualidadadiario.com\/index.php\/wp-json\/wp\/v2\/tags?post=66541"}],"curies":[{"name":"wp","href":"https:\/\/api.w.org\/{rel}","templated":true}]}}