{"id":66536,"date":"2020-09-03T12:50:32","date_gmt":"2020-09-03T15:50:32","guid":{"rendered":"https:\/\/www.actualidadadiario.com\/?p=66536"},"modified":"2020-09-03T12:50:32","modified_gmt":"2020-09-03T15:50:32","slug":"el-reencuentro-del-papa-francisco-con-sus-fieles-en-el-vaticano","status":"publish","type":"post","link":"https:\/\/www.actualidadadiario.com\/index.php\/2020\/09\/03\/el-reencuentro-del-papa-francisco-con-sus-fieles-en-el-vaticano\/","title":{"rendered":"El reencuentro del Papa Francisco con sus fieles en el Vaticano"},"content":{"rendered":"<p style=\"text-align: center;\"><em><strong>El Papa Francisco se reencontr\u00f3 con sus fieles en el Vaticano. Fue este mi\u00e9rcoles tras retomar las tradicionales audiencias al aire libres. En los \u00faltimos meses, fueron virtuales debido a la pandemia. No obstante, el retorno fue limitado. Seguidamente, comparti\u00f3 un mensaje a trav\u00e9s su cuenta en Twitter. \u201cHabitamos la misma casa com\u00fan\u201d, explic\u00f3 y advirti\u00f3: \u201cCuando olvidamos esto, el tejido social se debilita y el medio ambiente se deteriora\u201d<\/strong><\/em><\/p>\n<p>&nbsp;<\/p>\n<p>\u201cRetomamos nuestro encuentro cara a cara y no pantalla a pantalla\u201d, destac\u00f3 el Pont\u00edfice frente al p\u00fablico. Seg\u00fan trascendi\u00f3, la \u00faltima audiencia general fue el 26 de febrero en la Plaza de San Pedro con m\u00e1s de 12.000 personas. \u201cLa epidemia actual ha puesto en evidencia nuestra interdependencia\u201d, explic\u00f3 sobre el coronavirus que trascendi\u00f3 a nivel mundial y agreg\u00f3: \u201cTodos estamos ligados\u201d.<\/p>\n<p>El privilegio de los asistentes fue estar en el patio de San D\u00e1maso, donde actualmente se reciben a los jefes de Estados. En este escenario, hab\u00eda 500 sillas instaladas con distancia. A su vez, hab\u00eda dos zonas separadas por un amplio pasillo que estaba destinado a Francisco. No obstante, antes de comenzar debi\u00f3 medir su temperatura corporal. \u201c\u00a1Es hermoso!\u201d, sostuvo por el encuentro.<\/p>\n<p>Seg\u00fan trascendi\u00f3, la llegada gener\u00f3 riesgo sobre el plan de seguridad contra la pandemia. Fue debido a que algunas personas corrieron hacia las primeras filas. Otros inclusive estaban parados en los asientos. Por otra parte, el Papa Francisco no utiliz\u00f3 mascarilla y resisti\u00f3 la tentaci\u00f3n del acercamiento. Sin embargo, bendijo a tres parejas de reci\u00e9n casados y estrech\u00f3 la mano a obispos.<\/p>\n<p>El hermano Luis Fern\u00e1ndez asisti\u00f3 por primera vez a la tradicional audiencia. Luego, comparti\u00f3 sus sensaciones. De acuerdo con APF, realiz\u00f3 sus primeros votos el domingo. Ahora porta en la cintura un cordel blanco con tres nudos que simbolizan la pobreza, la castidad y la obediencia. A su vez, hubo algunos curiosos tambi\u00e9n asistieron al reencuentro. \u201cSola en cada delante de la televisi\u00f3n, no tiene nada de comparable\u201d, manifest\u00f3 un testimonio.<\/p>\n","protected":false},"excerpt":{"rendered":"<p>El Papa Francisco se reencontr\u00f3 con sus fieles en el Vaticano. Fue este mi\u00e9rcoles tras retomar las tradicionales audiencias al aire libres. En los \u00faltimos meses, fueron virtuales debido a la pandemia. No obstante, el retorno fue limitado. Seguidamente, comparti\u00f3 un mensaje a trav\u00e9s su cuenta en Twitter. \u201cHabitamos la misma casa com\u00fan\u201d, explic\u00f3 y advirti\u00f3: \u201cCuando olvidamos esto, el tejido social se debilita y el medio ambiente se deteriora\u201d &nbsp; \u201cRetomamos nuestro encuentro cara a cara y no pantalla a pantalla\u201d, destac\u00f3 el Pont\u00edfice frente al p\u00fablico. Seg\u00fan trascendi\u00f3,&#8230;<\/p>\n","protected":false},"author":3,"featured_media":66537,"comment_status":"closed","ping_status":"closed","sticky":false,"template":"","format":"standard","meta":[],"categories":[4],"tags":[],"_links":{"self":[{"href":"https:\/\/www.actualidadadiario.com\/index.php\/wp-json\/wp\/v2\/posts\/66536"}],"collection":[{"href":"https:\/\/www.actualidadadiario.com\/index.php\/wp-json\/wp\/v2\/posts"}],"about":[{"href":"https:\/\/www.actualidadadiario.com\/index.php\/wp-json\/wp\/v2\/types\/post"}],"author":[{"embeddable":true,"href":"https:\/\/www.actualidadadiario.com\/index.php\/wp-json\/wp\/v2\/users\/3"}],"replies":[{"embeddable":true,"href":"https:\/\/www.actualidadadiario.com\/index.php\/wp-json\/wp\/v2\/comments?post=66536"}],"version-history":[{"count":1,"href":"https:\/\/www.actualidadadiario.com\/index.php\/wp-json\/wp\/v2\/posts\/66536\/revisions"}],"predecessor-version":[{"id":66538,"href":"https:\/\/www.actualidadadiario.com\/index.php\/wp-json\/wp\/v2\/posts\/66536\/revisions\/66538"}],"wp:featuredmedia":[{"embeddable":true,"href":"https:\/\/www.actualidadadiario.com\/index.php\/wp-json\/wp\/v2\/media\/66537"}],"wp:attachment":[{"href":"https:\/\/www.actualidadadiario.com\/index.php\/wp-json\/wp\/v2\/media?parent=66536"}],"wp:term":[{"taxonomy":"category","embeddable":true,"href":"https:\/\/www.actualidadadiario.com\/index.php\/wp-json\/wp\/v2\/categories?post=66536"},{"taxonomy":"post_tag","embeddable":true,"href":"https:\/\/www.actualidadadiario.com\/index.php\/wp-json\/wp\/v2\/tags?post=66536"}],"curies":[{"name":"wp","href":"https:\/\/api.w.org\/{rel}","templated":true}]}}