{"id":66529,"date":"2020-09-03T12:48:25","date_gmt":"2020-09-03T15:48:25","guid":{"rendered":"https:\/\/www.actualidadadiario.com\/?p=66529"},"modified":"2020-09-03T12:48:25","modified_gmt":"2020-09-03T15:48:25","slug":"la-justicia-electoral-de-ecuador-no-acepto-la-candidatura-de-rafael-correa","status":"publish","type":"post","link":"https:\/\/www.actualidadadiario.com\/index.php\/2020\/09\/03\/la-justicia-electoral-de-ecuador-no-acepto-la-candidatura-de-rafael-correa\/","title":{"rendered":"La Justicia electoral de Ecuador no acept\u00f3 la candidatura de Rafael Correa"},"content":{"rendered":"<p style=\"text-align: center;\"><em><strong>El Consejo Nacional Electoral no acept\u00f3 la validaci\u00f3n de su candidatura ya que el expresidente no hizo el tr\u00e1mite de manera presencial. &#8220;Ya no saben qu\u00e9 inventar&#8221;, indic\u00f3 Correa<\/strong><\/em><\/p>\n<p>&nbsp;<\/p>\n<p>&nbsp;<\/p>\n<p>La Justicia electoral de Ecuador no acept\u00f3 la candidatura a vicepresidente de Rafael Correa para las elecciones del pr\u00f3ximo 7 de febrero. Seg\u00fan las autoridades del Consejo Nacional Electoral (CNE) el exmandatario deb\u00eda presentarse en forma personal para avalar su inscripci\u00f3n. Sin embargo, al encontrase en B\u00e9lgica, lo hizo a trav\u00e9s de su hermana y apoderada Pierina Correa el martes pasado. Tambi\u00e9n lo presenci\u00f3 en vivo, v\u00eda streaming, para dejar en claro que validaba el tr\u00e1mite. Sin embargo, el CNE emiti\u00f3 la lista con los candidatos inscriptos y s\u00f3lo figura su compa\u00f1ero de f\u00f3rmula, el economista Andr\u00e9s Arauz. El expresidente denunci\u00f3 que la maniobra fue hecha a su medida para dejarlo afuera de las elecciones. &#8220;Cumplimos todos los requisitos de su absurdo reglamento. Ya no saben qu\u00e9 inventar&#8221;, indic\u00f3 Correa.<\/p>\n<p>&nbsp;<\/p>\n<p><strong>Fuera de la elecci\u00f3n<\/strong><\/p>\n<p>El consejero del CNE, Jos\u00e9 Cabrera, aclar\u00f3 que el acto administrativo deb\u00eda realizarse de manera personal. &#8220;De acuerdo al reglamento vigente desde 2012, el tr\u00e1mite es indelegable y personal\u00edsimo&#8221;, sostuvo el funcionario. Luego present\u00f3 una lista con los candidatos inscriptos y no figuraba la casilla de &#8220;vicepresidente&#8221; en el partido de Correa. Para el exmandatario Cabrera cit\u00f3 equivocadamente el reglamento para inducir a un error. &#8220;Acto personal\u00edsimo NO SIGNIFICA presencia f\u00edsica. Adem\u00e1s, \u00a1hasta lo juicios se hacen telem\u00e1ticamente!&#8221;, poste\u00f3 el expresidente en Twitter.<\/p>\n<p>El martes su hermana se hab\u00eda presentado en las oficinas del CNE para llevar la documentaci\u00f3n necesaria, junto al candidato a presidente por el frente Uni\u00f3n por la Esperanza (UNES). Tambi\u00e9n se pudo ver a Correa v\u00eda streaming explicando lo que all\u00ed estaba ocurriendo. \u201cAdem\u00e1s de la presentaci\u00f3n que est\u00e1 haciendo mi apoderada, estoy mandando en este momento al CNE y a organismos internacionales, a trav\u00e9s de internet y con firma electr\u00f3nica, mi aceptaci\u00f3n a la candidatura a vicepresidente\u201d, hab\u00eda se\u00f1alado el exmandatario.<\/p>\n<p>Sin embargo, aval\u00e1ndose en la ausencia del candidato, el funcionario del organismo electoral no le entreg\u00f3 a su apoderada los formularios para hacer la inscripci\u00f3n. El expresidente denunci\u00f3 que el requerimiento de presenciar personalmente el tr\u00e1mite fue agregado a \u00faltimo momento para impedir su participaci\u00f3n. \u201cPusieron este tr\u00e1mite de `aceptaci\u00f3n personal\u00edsima\u00b4 que no existe ni en la ley. Por el contrario, la inscripci\u00f3n de las candidaturas s\u00ed pude hacerse v\u00eda internet, como s\u00ed lo indica la ley. Las primarias de los partidos tambi\u00e9n las pudimos avalar v\u00eda internet. \u00bfQui\u00e9n entiende este absurdo?\u201d, expres\u00f3 el pol\u00edtico ecuatoriano. Ahora, el caso podr\u00eda llegar hasta el Tribunal Contencioso Electoral.<\/p>\n<p>&nbsp;<\/p>\n<p><strong>&#8220;Presiones pol\u00edticas&#8221;<\/strong><\/p>\n<p>Para Alejandra Vivanco, abogada y exsubcontralor del Estado el cambio en la reglamentaci\u00f3n del CNE se hizo por presiones pol\u00edticas. \u201cAntes de que saquen esta nueva reglamentaci\u00f3n algunos miembros del organismo fueron denunciados y se pidi\u00f3 su destituci\u00f3n. Ahora est\u00e1n a la espera de que la Contralor\u00eda General de Estado (CGE) emita una resoluci\u00f3n sobre este asunto. En paralelo tres de sus miembros fueron llamados a declarar ante la Fiscal\u00eda. Es muy dif\u00edcil que bajo estas circunstancias los miembros del CNE act\u00faen con independencia. Deber\u00edan denunciar una intromisi\u00f3n electoral\u201d, sostuvo la exsubcontralor. Adem\u00e1s enfatiz\u00f3 que antes de este cambio, las inscripciones pod\u00edan hacerlas en forma personal los representantes legales de cada partido. \u201cEsta reglamentaci\u00f3n es antidemocr\u00e1tica y anticonstitucional\u201d, enfatiz\u00f3 Vivanco.<\/p>\n<p>Correa enfrenta varios procesos judiciales en Ecuador con \u00f3rdenes de prisi\u00f3n. Si finalmente su candidatura es validada, gozar\u00eda de inmunidad y podr\u00eda regresar al pa\u00eds para las elecciones. La justicia ecuatoriana confirm\u00f3 en julio una condena a ocho a\u00f1os de c\u00e1rcel contra el exmandatario por cohecho, en la causa conocida como \u201cSobornos 2012-2016\u201d. All\u00ed se lo acusa junto con una decena de exfuncionarios de haber recibido d\u00e1divas de empresarios a cambio de obra p\u00fablica. La empresa brasile\u00f1a Odebrecht figura entre las implicadas. La Suprema Corte Nacional de Justicia resolver\u00e1 este jueves si avala o no la sentencia. Correa no podr\u00eda participar en pol\u00edtica si el tribunal mantiene la condena en su contra, tal y como marca la ley.<\/p>\n<p>Adem\u00e1s el exmandatario afronta otro juicio por el secuestro en Colombia del opositor Fernando Balda en 2012. Sin embargo este lunes el exagente de Inteligencia de Ecuador, Ra\u00fal Chicaiza, confes\u00f3 que fue presionado para involucrar al expresidente en el caso. Chicaiza dijo que Balda se reuni\u00f3 en varias oportunidades con el ahora presidente, Len\u00edn Moreno, para armar la denuncia.<\/p>\n","protected":false},"excerpt":{"rendered":"<p>El Consejo Nacional Electoral no acept\u00f3 la validaci\u00f3n de su candidatura ya que el expresidente no hizo el tr\u00e1mite de manera presencial. &#8220;Ya no saben qu\u00e9 inventar&#8221;, indic\u00f3 Correa &nbsp; &nbsp; La Justicia electoral de Ecuador no acept\u00f3 la candidatura a vicepresidente de Rafael Correa para las elecciones del pr\u00f3ximo 7 de febrero. Seg\u00fan las autoridades del Consejo Nacional Electoral (CNE) el exmandatario deb\u00eda presentarse en forma personal para avalar su inscripci\u00f3n. Sin embargo, al encontrase en B\u00e9lgica, lo hizo a trav\u00e9s de su hermana y apoderada Pierina Correa el&#8230;<\/p>\n","protected":false},"author":3,"featured_media":66383,"comment_status":"closed","ping_status":"closed","sticky":false,"template":"","format":"standard","meta":[],"categories":[4],"tags":[],"_links":{"self":[{"href":"https:\/\/www.actualidadadiario.com\/index.php\/wp-json\/wp\/v2\/posts\/66529"}],"collection":[{"href":"https:\/\/www.actualidadadiario.com\/index.php\/wp-json\/wp\/v2\/posts"}],"about":[{"href":"https:\/\/www.actualidadadiario.com\/index.php\/wp-json\/wp\/v2\/types\/post"}],"author":[{"embeddable":true,"href":"https:\/\/www.actualidadadiario.com\/index.php\/wp-json\/wp\/v2\/users\/3"}],"replies":[{"embeddable":true,"href":"https:\/\/www.actualidadadiario.com\/index.php\/wp-json\/wp\/v2\/comments?post=66529"}],"version-history":[{"count":1,"href":"https:\/\/www.actualidadadiario.com\/index.php\/wp-json\/wp\/v2\/posts\/66529\/revisions"}],"predecessor-version":[{"id":66530,"href":"https:\/\/www.actualidadadiario.com\/index.php\/wp-json\/wp\/v2\/posts\/66529\/revisions\/66530"}],"wp:featuredmedia":[{"embeddable":true,"href":"https:\/\/www.actualidadadiario.com\/index.php\/wp-json\/wp\/v2\/media\/66383"}],"wp:attachment":[{"href":"https:\/\/www.actualidadadiario.com\/index.php\/wp-json\/wp\/v2\/media?parent=66529"}],"wp:term":[{"taxonomy":"category","embeddable":true,"href":"https:\/\/www.actualidadadiario.com\/index.php\/wp-json\/wp\/v2\/categories?post=66529"},{"taxonomy":"post_tag","embeddable":true,"href":"https:\/\/www.actualidadadiario.com\/index.php\/wp-json\/wp\/v2\/tags?post=66529"}],"curies":[{"name":"wp","href":"https:\/\/api.w.org\/{rel}","templated":true}]}}