{"id":66519,"date":"2020-09-03T12:45:37","date_gmt":"2020-09-03T15:45:37","guid":{"rendered":"https:\/\/www.actualidadadiario.com\/?p=66519"},"modified":"2020-09-03T12:45:37","modified_gmt":"2020-09-03T15:45:37","slug":"el-senado-debatira-en-sesion-especial-la-validez-del-dnu-sobre-telecomunicaciones","status":"publish","type":"post","link":"https:\/\/www.actualidadadiario.com\/index.php\/2020\/09\/03\/el-senado-debatira-en-sesion-especial-la-validez-del-dnu-sobre-telecomunicaciones\/","title":{"rendered":"El Senado debatir\u00e1 en sesi\u00f3n especial la validez del DNU sobre telecomunicaciones"},"content":{"rendered":"<p style=\"text-align: center;\"><em><strong>El DNU declara servicio esencial a las denominadas \u201ctecnolog\u00edas de la informaci\u00f3n y la comunicaci\u00f3n\u201d (TIC) y congela las tarifas de la telefon\u00eda fija, celular, internet y televisi\u00f3n paga. El decreto fue dictaminado la semana pasada en la Bicameral de Tr\u00e1mite Legislativo sin la presencia de la oposici\u00f3n<\/strong><\/em><\/p>\n<p>&nbsp;<\/p>\n<p>&nbsp;<\/p>\n<p>La C\u00e1mara de Senadores de la Naci\u00f3n debatir\u00e1 este jueves, en una sesi\u00f3n especial convocada por el oficialismo, la validez del Decreto de Necesidad y Urgencia (DNU) emitido por el Poder Ejecutivo para declarar como p\u00fablicos y esenciales los servicios de telecomunicaciones.<\/p>\n<p>El decreto fue dictaminado la semana pasada en la Bicameral de Tr\u00e1mite Legislativo sin la presencia de la oposici\u00f3n que se neg\u00f3 a asistir argumentando que la reuni\u00f3n de comisi\u00f3n hab\u00eda sido convocada sin la debida antelaci\u00f3n reglamentaria.<\/p>\n<p>El DNU declara servicio esencial a las denominadas \u201ctecnolog\u00edas de la informaci\u00f3n y la comunicaci\u00f3n\u201d (TIC) y congela las tarifas de la telefon\u00eda fija, celular, internet y televisi\u00f3n paga.<\/p>\n<p>Adem\u00e1s, establece que cualquier aumento tarifario deber\u00e1 ser autorizado por el Gobierno nacional.<\/p>\n<p>Los senadores tambi\u00e9n debatir\u00e1n, en la sesi\u00f3n que se llevar\u00e1 a cabo desde las 15, el DNU 636\/20 que dej\u00f3 sin efecto su similar 522\/20 que hab\u00eda dispuesto, el 9 de junio pasado, la intervenci\u00f3n transitoria de la empresa Vicentin.<\/p>\n<p>La medida original hab\u00eda generado una disputa entre el oficialismo y la oposici\u00f3n, pero el decreto que marc\u00f3 su derogaci\u00f3n fue respaldado por todas las fuerzas pol\u00edticas.<\/p>\n<p>Por otro lado, los senadores tambi\u00e9n le dar\u00e1n ingreso, al comienzo de la sesi\u00f3n, a 29 pliegos enviados por el Poder Ejecutivo para designar a nuevos jueces y defensores oficiales en diferentes juzgados de todo el pa\u00eds.<\/p>\n<p>Asimismo, los senadores tambi\u00e9n debatir\u00e1n sobre un proyecto de Ley por el que se crea el Programa Nacional de Prevenci\u00f3n y Concientizaci\u00f3n del Grooming o Ciberacoso contra Ni\u00f1as, Ni\u00f1os y Adolescentes y otro que modifica la Ley de Educaci\u00f3n Nacional incorporando en los contenidos curriculares los conceptos de ciberdelito, acoso virtual y la necesidad de protecci\u00f3n de los datos personales en redes sociales y canales inform\u00e1ticos de los menores.<\/p>\n<p>Tambi\u00e9n fue incluido en el listado de temas un proyecto de ley enviado por el Poder Ejecutivo que crea las Capitales Alternas de la Rep\u00fablica Argentina; y una declaraci\u00f3n adhiriendo a la iniciativa de sostener el consenso para que la Presidencia del Banco Interamericano de Desarrollo (BID) sea ocupada -como lo ha sido durante toda su historia- por un representante latinoamericano.<\/p>\n","protected":false},"excerpt":{"rendered":"<p>El DNU declara servicio esencial a las denominadas \u201ctecnolog\u00edas de la informaci\u00f3n y la comunicaci\u00f3n\u201d (TIC) y congela las tarifas de la telefon\u00eda fija, celular, internet y televisi\u00f3n paga. El decreto fue dictaminado la semana pasada en la Bicameral de Tr\u00e1mite Legislativo sin la presencia de la oposici\u00f3n &nbsp; &nbsp; La C\u00e1mara de Senadores de la Naci\u00f3n debatir\u00e1 este jueves, en una sesi\u00f3n especial convocada por el oficialismo, la validez del Decreto de Necesidad y Urgencia (DNU) emitido por el Poder Ejecutivo para declarar como p\u00fablicos y esenciales los servicios&#8230;<\/p>\n","protected":false},"author":3,"featured_media":64659,"comment_status":"closed","ping_status":"closed","sticky":false,"template":"","format":"standard","meta":[],"categories":[18],"tags":[],"_links":{"self":[{"href":"https:\/\/www.actualidadadiario.com\/index.php\/wp-json\/wp\/v2\/posts\/66519"}],"collection":[{"href":"https:\/\/www.actualidadadiario.com\/index.php\/wp-json\/wp\/v2\/posts"}],"about":[{"href":"https:\/\/www.actualidadadiario.com\/index.php\/wp-json\/wp\/v2\/types\/post"}],"author":[{"embeddable":true,"href":"https:\/\/www.actualidadadiario.com\/index.php\/wp-json\/wp\/v2\/users\/3"}],"replies":[{"embeddable":true,"href":"https:\/\/www.actualidadadiario.com\/index.php\/wp-json\/wp\/v2\/comments?post=66519"}],"version-history":[{"count":1,"href":"https:\/\/www.actualidadadiario.com\/index.php\/wp-json\/wp\/v2\/posts\/66519\/revisions"}],"predecessor-version":[{"id":66520,"href":"https:\/\/www.actualidadadiario.com\/index.php\/wp-json\/wp\/v2\/posts\/66519\/revisions\/66520"}],"wp:featuredmedia":[{"embeddable":true,"href":"https:\/\/www.actualidadadiario.com\/index.php\/wp-json\/wp\/v2\/media\/64659"}],"wp:attachment":[{"href":"https:\/\/www.actualidadadiario.com\/index.php\/wp-json\/wp\/v2\/media?parent=66519"}],"wp:term":[{"taxonomy":"category","embeddable":true,"href":"https:\/\/www.actualidadadiario.com\/index.php\/wp-json\/wp\/v2\/categories?post=66519"},{"taxonomy":"post_tag","embeddable":true,"href":"https:\/\/www.actualidadadiario.com\/index.php\/wp-json\/wp\/v2\/tags?post=66519"}],"curies":[{"name":"wp","href":"https:\/\/api.w.org\/{rel}","templated":true}]}}