{"id":66516,"date":"2020-09-03T12:44:54","date_gmt":"2020-09-03T15:44:54","guid":{"rendered":"https:\/\/www.actualidadadiario.com\/?p=66516"},"modified":"2020-09-03T12:44:54","modified_gmt":"2020-09-03T15:44:54","slug":"macri-volvio-tras-su-veranito-europeo","status":"publish","type":"post","link":"https:\/\/www.actualidadadiario.com\/index.php\/2020\/09\/03\/macri-volvio-tras-su-veranito-europeo\/","title":{"rendered":"Macri volvi\u00f3 tras su veranito europeo"},"content":{"rendered":"<p style=\"text-align: center;\"><em><strong>El expresidente estuvo en Francia y Suiza. All\u00ed cumpli\u00f3 con las restricciones sanitarias de prevenci\u00f3n contra el coronavirus mientras alentaba al incumplimiento de esas mismas medidas en la Argentina<\/strong><\/em><\/p>\n<p>&nbsp;<\/p>\n<p>&nbsp;<\/p>\n<p>El expresidente Mauricio Macri regres\u00f3 esta ma\u00f1ana a la Argentina luego de pasar unas vacaciones de m\u00e1s de un mes en Francia y Suiza, pa\u00edses donde cumpli\u00f3 con las restricciones sanitarias de prevenci\u00f3n contra el coronavirus y desde los cuales alent\u00f3 al incumplimiento de esas mismas medidas en la Argentina.<\/p>\n<p>El dirigente de Juntos por el Cambio arrib\u00f3 junto con su esposa Juliana Awada y su hija menor, con quienes deber\u00e1 cumplir un aislamiento de dos semanas, tal como lo indica la normativa para todas las personas que viajaron al exterior y estuvieron en pa\u00edses afectados por la pandemia. Seg\u00fan se supo, lo har\u00e1 en su quinta Los Abrojos.<\/p>\n<p>Macri hab\u00eda salido del pa\u00eds el 30 de julio pasado, en momentos en que la Justicia Federal de Lomas de Zamora comenz\u00f3 a desandar la investigaci\u00f3n sobre el funcionamiento de un dispositivo de espionaje ilegal puesto en marcha durante el gobierno del cual \u00e9l fue la m\u00e1xima autoridad. Hasta el momeno, varios indicios se\u00f1alan fue \u00e9l quien habr\u00eda dirigido ese mecanismo del que fueron v\u00edctimas dirigentes pol\u00edticos y miembros de su propia familia.<\/p>\n<p>A su llegada a la Argentina fue consultado sobre cu\u00e1l ser\u00eda el rol que ocupar\u00eda en la coalici\u00f3n opositora que en 2015 lo llev\u00f3 al gobierno y respondi\u00f3: \u201cEl mismo que desde el 10 de diciembre\u201d. Es decir, el de expresidente e integrante de una mesa chica en la que varios cuestionan su autoridad y aspiraciones de conducirla.<\/p>\n<p>&nbsp;<\/p>\n<p><strong>Desde Europa con mensajes anticuarentena<\/strong><\/p>\n<p>Una de las razones por las cuales aleg\u00f3 que deb\u00eda viajar a Europa fue para asumir formalmente como presidente de la Fundaci\u00f3n FIFA, en Z\u00farich. Ese hecho se concret\u00f3 el 18 de agosto pasado cuando el presidente del \u00f3rgano rector del f\u00fatbol internacional, Gianni Infantino, le tom\u00f3 juramento y a modo de festejo organiz\u00f3 un partido con futbolistas retirados y dirigentes de varios pa\u00edses.<\/p>\n<p>Mientras estuvo en Europa, el expresidente mantuvo conversaciones con los referentes de Juntos por el Cambio que no ocupan cargos institucionales y particip\u00f3 del dise\u00f1o de las movilizaciones de cuanta iniciativa fuera lanzada por el gobierno de Alberto Fern\u00e1ndez.<\/p>\n<p>El 17 de agosto, mientras estaba en Suiza, fogone\u00f3 la marcha tras la cual se intensificaron los contagios de coronavirus debido al incumplimiento del distanciamiento social que permiti\u00f3 su transmisi\u00f3n. M\u00e1s tarde envi\u00f3 un saludo de aliento y agradecimiento por Twitter: \u201cOrgulloso de los miles de argentinos que salieron ayer para decirle basta al miedo y al atropello, y s\u00ed al trabajo, al respeto y a la libertad\u201d.<\/p>\n<p>D\u00edas despu\u00e9s, pero siempre durante su descanso a m\u00e1s de 10 mil kil\u00f3metros de distancia del pa\u00eds, el ex dirigente de Boca hizo p\u00fablica una carta al presidente Alberto Fern\u00e1ndez titulada \u201cEl valor de la palabra presidencial\u201d, en la que le hac\u00eda recomendaciones c\u00f3mo tener \u201ccredibilidad\u201d.<\/p>\n<p>La misiva fue publicada luego de que Alberto Fern\u00e1ndez revelara que, cuando se desat\u00f3 la pandemia en el pa\u00eds, mantuvo una conversaci\u00f3n privada con Macri en la que este le hab\u00eda recomendado dejar \u201cmorir a los que tengan que morir\u201d con tal de no afectar la marcha de la econom\u00eda.<\/p>\n<p>El ex presidente intent\u00f3 desmentir esos dichos que est\u00e1n en sinton\u00eda con las recomendaciones que Juntos por el Cambio tiene respecto de la pandemia, pero a las pocas horas Fern\u00e1ndez los ratific\u00f3.<\/p>\n","protected":false},"excerpt":{"rendered":"<p>El expresidente estuvo en Francia y Suiza. All\u00ed cumpli\u00f3 con las restricciones sanitarias de prevenci\u00f3n contra el coronavirus mientras alentaba al incumplimiento de esas mismas medidas en la Argentina &nbsp; &nbsp; El expresidente Mauricio Macri regres\u00f3 esta ma\u00f1ana a la Argentina luego de pasar unas vacaciones de m\u00e1s de un mes en Francia y Suiza, pa\u00edses donde cumpli\u00f3 con las restricciones sanitarias de prevenci\u00f3n contra el coronavirus y desde los cuales alent\u00f3 al incumplimiento de esas mismas medidas en la Argentina. El dirigente de Juntos por el Cambio arrib\u00f3 junto&#8230;<\/p>\n","protected":false},"author":3,"featured_media":66517,"comment_status":"closed","ping_status":"closed","sticky":false,"template":"","format":"standard","meta":[],"categories":[18],"tags":[],"_links":{"self":[{"href":"https:\/\/www.actualidadadiario.com\/index.php\/wp-json\/wp\/v2\/posts\/66516"}],"collection":[{"href":"https:\/\/www.actualidadadiario.com\/index.php\/wp-json\/wp\/v2\/posts"}],"about":[{"href":"https:\/\/www.actualidadadiario.com\/index.php\/wp-json\/wp\/v2\/types\/post"}],"author":[{"embeddable":true,"href":"https:\/\/www.actualidadadiario.com\/index.php\/wp-json\/wp\/v2\/users\/3"}],"replies":[{"embeddable":true,"href":"https:\/\/www.actualidadadiario.com\/index.php\/wp-json\/wp\/v2\/comments?post=66516"}],"version-history":[{"count":1,"href":"https:\/\/www.actualidadadiario.com\/index.php\/wp-json\/wp\/v2\/posts\/66516\/revisions"}],"predecessor-version":[{"id":66518,"href":"https:\/\/www.actualidadadiario.com\/index.php\/wp-json\/wp\/v2\/posts\/66516\/revisions\/66518"}],"wp:featuredmedia":[{"embeddable":true,"href":"https:\/\/www.actualidadadiario.com\/index.php\/wp-json\/wp\/v2\/media\/66517"}],"wp:attachment":[{"href":"https:\/\/www.actualidadadiario.com\/index.php\/wp-json\/wp\/v2\/media?parent=66516"}],"wp:term":[{"taxonomy":"category","embeddable":true,"href":"https:\/\/www.actualidadadiario.com\/index.php\/wp-json\/wp\/v2\/categories?post=66516"},{"taxonomy":"post_tag","embeddable":true,"href":"https:\/\/www.actualidadadiario.com\/index.php\/wp-json\/wp\/v2\/tags?post=66516"}],"curies":[{"name":"wp","href":"https:\/\/api.w.org\/{rel}","templated":true}]}}