{"id":66513,"date":"2020-09-03T12:44:13","date_gmt":"2020-09-03T15:44:13","guid":{"rendered":"https:\/\/www.actualidadadiario.com\/?p=66513"},"modified":"2020-09-03T12:44:13","modified_gmt":"2020-09-03T15:44:13","slug":"tension-en-jxc-entre-los-que-apuestan-a-negociar-con-el-fdt-y-los-que-buscan-judicializar-la-ultima-sesion-de-diputados","status":"publish","type":"post","link":"https:\/\/www.actualidadadiario.com\/index.php\/2020\/09\/03\/tension-en-jxc-entre-los-que-apuestan-a-negociar-con-el-fdt-y-los-que-buscan-judicializar-la-ultima-sesion-de-diputados\/","title":{"rendered":"Tensi\u00f3n en JxC entre los que apuestan a negociar con el FdT y los que buscan judicializar la \u00faltima sesi\u00f3n de Diputados"},"content":{"rendered":"<p style=\"text-align: center;\"><em><strong>Un sector del interbloque opositor est\u00e1 a la espera de un llamado del presidente de la C\u00e1mara Baja, Sergio Massa, para retomar las conversaciones; otros quieren recurrir cuanto antes a la Justicia para impugnar el debate del martes \u00faltimo<\/strong><\/em><\/p>\n<p>&nbsp;<\/p>\n<p>&nbsp;<\/p>\n<p>La extensa jornada del martes pasado en la C\u00e1mara de Diputados, en la que se discuti\u00f3 la modalidad de funcionamiento de ese cuerpo, dej\u00f3 a la vista los profundos desacuerdos entre el oficialismo y Juntos por el Cambio, pero tambi\u00e9n las diferencias dentro del interbloque opositor. Por estas horas, el debate interno est\u00e1 centrado en qu\u00e9 estrategia adoptar de ahora en adelante. Los m\u00e1s &#8220;dialoguistas&#8221; apuestan a retomar las negociaciones con el Frente de Todos, mientras el ala &#8220;dura&#8221; apura la presentaci\u00f3n judicial para impugnar la \u00faltima sesi\u00f3n especial, en la que la bancada oficialista y el resto de las fuerzas opositoras aprobaron el proyecto de asistencia al sector tur\u00edstico y la iniciativa que sube las multas a la pesca ilegal en las Islas Malvinas.<\/p>\n<p>En los cuatro meses de sesiones mixtas, las posturas m\u00e1s extremas dentro de\u00a0 Juntos por el Cambio se redujeron a un pu\u00f1ado de legisladores, casi siempre relegados por sus propios compa\u00f1eros de bloque. Eso cambi\u00f3 el martes por la tarde durante la reuni\u00f3n de Labor Parlamentaria, en la que los principales referentes de ese espacio pol\u00edtico chocaron contra un discurso confrontativo, adoptado por la mayor\u00eda de las diputadas y diputados.<\/p>\n<p>Seg\u00fan coincidieron fuentes del radicalismo y el macrismo, tras largas horas de discusi\u00f3n con el presidente de la C\u00e1mara Baja, Sergio Massa, el jefe del bloque del Frente de Todos, M\u00e1ximo Kirchner, y los titulares de las dem\u00e1s bancadas opositoras, antes de pasar a un cuarto intermedio, se lleg\u00f3 a un principio de acuerdo respecto a la pr\u00f3rroga del protocolo que regula las sesiones telem\u00e1ticas. Sin embargo, los legisladores Mario Negri, de la UCR, y Cristian Ritondo y Silvia Lospennato, de PRO, tuvieron que dar marcha atr\u00e1s, luego de que la casi totalidad de los legisladores expresaron su rechazo a la propuesta en el chat del interbloque, aduciendo que el oficialismo no quer\u00eda dejar por escrito que los temas previsionales y judiciales se tratar\u00edan s\u00f3lo de manera presencial.<\/p>\n<p>En\u00a0 Juntos por el Cambio admiten que puertas adentro prim\u00f3 una postura m\u00e1s confrontativa, a la vez que sostienen que el principal escollo para llegar a un consenso se debi\u00f3 a la &#8220;intransigencia&#8221; del Frente de Todos.<\/p>\n<p>&#8220;No queremos excluir ning\u00fan tema, s\u00f3lo queremos que la Reforma Judicial y la nueva f\u00f3rmula previsional, por la importancia que tienen esos debates, se hagan presencialmente y que el que no pueda o no quiera participar por razones de salud o las que fueran solicite conectarse por v\u00eda remota&#8221;, explic\u00f3 Lospennato.<\/p>\n<p>Desde la UCR y PRO desmienten que el ex presidente Mauricio Macri haya dado una orden desde Suiza para cortar el di\u00e1logo con el oficialismo, como plante\u00f3 el presidente de la C\u00e1mara de Diputados. &#8220;Simplemente no hab\u00eda acuerdo interno para avanzar en lo que propon\u00eda Massa y M\u00e1ximo&#8221;, apuntaron desde el radicalismo.<\/p>\n<p>&#8220;Fue un triunfo de los duros anoche&#8221;, dijo un diputado de la coalici\u00f3n opositora, en referencia a los legisladores Fernando Iglesias, Omar De Marchi y Graciela Oca\u00f1a, entre otros.<\/p>\n<p>La tensi\u00f3n entre &#8220;dialoguistas&#8221; y &#8220;duros&#8221; contin\u00faa. Un sector de Juntos por el Cambio cree que es preciso retomar lo antes posible las conversaciones con Massa, quien por el momento no se comunic\u00f3 con ninguno de los referentes parlamentarios de ese espacio, sin embargo desde ambos lados sostienen que no descartan &#8220;un llamado&#8221; en cualquier momento.<\/p>\n<p>Hasta el momento, s\u00f3lo hubo un intercambio de tuits entre Massa y algunos dirigentes de Juntos por el Cambio a ra\u00edz de las amenazas que \u00e9l y su familia recibieron en las \u00faltimas horas.<\/p>\n<p>&#8220;El presidente de la C\u00e1mara de Diputados debi\u00f3 tener un gesto ayer por la noche, en medio de tanta tensi\u00f3n, y pedir pasar a un cuarto intermedio. Pero no lo tuvo. Aun as\u00ed, si nos llaman a dialogar iremos. No queremos entrar a un tobog\u00e1n en el que en el pa\u00eds haya dos parlamentos&#8221;, se\u00f1al\u00f3 Negri a trav\u00e9s de su cuenta de Twitter.<\/p>\n<p>En paralelo, los legisladores Gustavo Menna, de la UCR; Pablo Tonelli, de PRO; y Mariana Stilman, de la Coalici\u00f3n C\u00edvica, est\u00e1n trabajando en la demanda judicial para impugnar la sesi\u00f3n especial que se llev\u00f3 adelante el martes por la noche.<\/p>\n<p>&#8220;Va a tomar unos d\u00edas hacer la presentaci\u00f3n porque es compleja ya que es de \u00edndole constitucional, adem\u00e1s todav\u00eda no apareci\u00f3 el acta de Labor Parlamentaria en la que se dispuso la pr\u00f3rroga irregular del protocolo de sesiones virtuales&#8221;, se\u00f1alaron desde Juntos por el Cambio.<\/p>\n<p>Algunos apuestan a que se llegue a un acuerdo con el Frente de Todos para evitar la judicializaci\u00f3n de la pol\u00edtica. Otros, por el contrario, creen que hay que apurar los tiempos y recurrir a la Justicia por lo que consideran que fue &#8220;un golpe institucional&#8221;, en l\u00ednea con las \u00faltimas declaraciones de la dirigente de la Coalici\u00f3n C\u00edvica Elisa Carri\u00f3.<\/p>\n","protected":false},"excerpt":{"rendered":"<p>Un sector del interbloque opositor est\u00e1 a la espera de un llamado del presidente de la C\u00e1mara Baja, Sergio Massa, para retomar las conversaciones; otros quieren recurrir cuanto antes a la Justicia para impugnar el debate del martes \u00faltimo &nbsp; &nbsp; La extensa jornada del martes pasado en la C\u00e1mara de Diputados, en la que se discuti\u00f3 la modalidad de funcionamiento de ese cuerpo, dej\u00f3 a la vista los profundos desacuerdos entre el oficialismo y Juntos por el Cambio, pero tambi\u00e9n las diferencias dentro del interbloque opositor. Por estas horas,&#8230;<\/p>\n","protected":false},"author":3,"featured_media":66514,"comment_status":"closed","ping_status":"closed","sticky":false,"template":"","format":"standard","meta":[],"categories":[18],"tags":[],"_links":{"self":[{"href":"https:\/\/www.actualidadadiario.com\/index.php\/wp-json\/wp\/v2\/posts\/66513"}],"collection":[{"href":"https:\/\/www.actualidadadiario.com\/index.php\/wp-json\/wp\/v2\/posts"}],"about":[{"href":"https:\/\/www.actualidadadiario.com\/index.php\/wp-json\/wp\/v2\/types\/post"}],"author":[{"embeddable":true,"href":"https:\/\/www.actualidadadiario.com\/index.php\/wp-json\/wp\/v2\/users\/3"}],"replies":[{"embeddable":true,"href":"https:\/\/www.actualidadadiario.com\/index.php\/wp-json\/wp\/v2\/comments?post=66513"}],"version-history":[{"count":1,"href":"https:\/\/www.actualidadadiario.com\/index.php\/wp-json\/wp\/v2\/posts\/66513\/revisions"}],"predecessor-version":[{"id":66515,"href":"https:\/\/www.actualidadadiario.com\/index.php\/wp-json\/wp\/v2\/posts\/66513\/revisions\/66515"}],"wp:featuredmedia":[{"embeddable":true,"href":"https:\/\/www.actualidadadiario.com\/index.php\/wp-json\/wp\/v2\/media\/66514"}],"wp:attachment":[{"href":"https:\/\/www.actualidadadiario.com\/index.php\/wp-json\/wp\/v2\/media?parent=66513"}],"wp:term":[{"taxonomy":"category","embeddable":true,"href":"https:\/\/www.actualidadadiario.com\/index.php\/wp-json\/wp\/v2\/categories?post=66513"},{"taxonomy":"post_tag","embeddable":true,"href":"https:\/\/www.actualidadadiario.com\/index.php\/wp-json\/wp\/v2\/tags?post=66513"}],"curies":[{"name":"wp","href":"https:\/\/api.w.org\/{rel}","templated":true}]}}