{"id":66510,"date":"2020-09-03T12:43:29","date_gmt":"2020-09-03T15:43:29","guid":{"rendered":"https:\/\/www.actualidadadiario.com\/?p=66510"},"modified":"2020-09-03T12:43:29","modified_gmt":"2020-09-03T15:43:29","slug":"el-presidente-se-reunio-con-massa-y-maximo-kirchner-para-definir-la-estrategia-legislativa","status":"publish","type":"post","link":"https:\/\/www.actualidadadiario.com\/index.php\/2020\/09\/03\/el-presidente-se-reunio-con-massa-y-maximo-kirchner-para-definir-la-estrategia-legislativa\/","title":{"rendered":"El Presidente se reuni\u00f3 con Massa y M\u00e1ximo Kirchner para definir la estrategia legislativa"},"content":{"rendered":"<p style=\"text-align: center;\"><em><strong>En el encuentro, los tres analizaron la estrategia legislativa del oficialismo y los detalles del plan de seguridad que se presentar\u00e1 en los pr\u00f3ximos d\u00edas<\/strong><\/em><\/p>\n<p>&nbsp;<\/p>\n<p>&nbsp;<\/p>\n<p>El presidente Alberto Fern\u00e1ndez se reuni\u00f3 este mi\u00e9rcoles con el titular de la C\u00e1mara de Diputados, Sergio Massa; y el jefe del bloque del Frente de Todos, M\u00e1ximo Kirchner; para definir la agenda legislativa del oficialismo y pulir los detalles del plan de seguridad que se presentar\u00e1 en los pr\u00f3ximos d\u00edas.<\/p>\n<p>El encuentro en la Residencia de Olivos tuvo lugar despu\u00e9s de la sesi\u00f3n de la C\u00e1mara baja en la que el oficialismo aprob\u00f3 durante la madrugada de hoy los proyectos de auxilio al turismo y de aumento de penas para la pesca ilegal.<\/p>\n<p>Esa sesi\u00f3n, que finaliz\u00f3 a las 5, fue motorizada por el Frente de Todos y cuestionada por Juntos por el Cambio, que anticip\u00f3 que pedir\u00e1 su impugnaci\u00f3n en la Justicia por considerar que deb\u00eda ser presencial por no estar vigente el protocolo de sesiones telem\u00e1ticas.<\/p>\n<p>Seg\u00fan indicaron fuentes oficiales, la reuni\u00f3n de Olivos estaba programada desde antes, debido a que ayer, por cuestiones de agenda, no pudo juntarse la &#8220;mesa chica&#8221; del Gobierno que tambi\u00e9n integran el jefe de Gabinete, Santiago Cafiero, y el ministro del Interior, Eduardo &#8220;Wado&#8221; De Pedro.<\/p>\n<p>En el encuentro de hoy, el Presidente analiz\u00f3 con Massa y M\u00e1ximo Kirchner la estrategia legislativa del oficialismo despu\u00e9s de la discusi\u00f3n con la oposici\u00f3n sobre la necesidad de que las sesiones se llevan a cabo de forma telem\u00e1tica o presencial, explicaron las fuentes.<\/p>\n<p>Fern\u00e1ndez tambi\u00e9n se interioriz\u00f3 sobre las intimidaciones a la familia de Massa tras los cruces en el Congreso, a\u00f1adieron.<\/p>\n<p>Por \u00faltimo, tambi\u00e9n se delinearon los principales puntos del plan de seguridad que el Gobierno tiene previsto anunciar en los pr\u00f3ximos d\u00edas.<\/p>\n","protected":false},"excerpt":{"rendered":"<p>En el encuentro, los tres analizaron la estrategia legislativa del oficialismo y los detalles del plan de seguridad que se presentar\u00e1 en los pr\u00f3ximos d\u00edas &nbsp; &nbsp; El presidente Alberto Fern\u00e1ndez se reuni\u00f3 este mi\u00e9rcoles con el titular de la C\u00e1mara de Diputados, Sergio Massa; y el jefe del bloque del Frente de Todos, M\u00e1ximo Kirchner; para definir la agenda legislativa del oficialismo y pulir los detalles del plan de seguridad que se presentar\u00e1 en los pr\u00f3ximos d\u00edas. El encuentro en la Residencia de Olivos tuvo lugar despu\u00e9s de la&#8230;<\/p>\n","protected":false},"author":3,"featured_media":66511,"comment_status":"closed","ping_status":"closed","sticky":false,"template":"","format":"standard","meta":[],"categories":[18],"tags":[],"_links":{"self":[{"href":"https:\/\/www.actualidadadiario.com\/index.php\/wp-json\/wp\/v2\/posts\/66510"}],"collection":[{"href":"https:\/\/www.actualidadadiario.com\/index.php\/wp-json\/wp\/v2\/posts"}],"about":[{"href":"https:\/\/www.actualidadadiario.com\/index.php\/wp-json\/wp\/v2\/types\/post"}],"author":[{"embeddable":true,"href":"https:\/\/www.actualidadadiario.com\/index.php\/wp-json\/wp\/v2\/users\/3"}],"replies":[{"embeddable":true,"href":"https:\/\/www.actualidadadiario.com\/index.php\/wp-json\/wp\/v2\/comments?post=66510"}],"version-history":[{"count":1,"href":"https:\/\/www.actualidadadiario.com\/index.php\/wp-json\/wp\/v2\/posts\/66510\/revisions"}],"predecessor-version":[{"id":66512,"href":"https:\/\/www.actualidadadiario.com\/index.php\/wp-json\/wp\/v2\/posts\/66510\/revisions\/66512"}],"wp:featuredmedia":[{"embeddable":true,"href":"https:\/\/www.actualidadadiario.com\/index.php\/wp-json\/wp\/v2\/media\/66511"}],"wp:attachment":[{"href":"https:\/\/www.actualidadadiario.com\/index.php\/wp-json\/wp\/v2\/media?parent=66510"}],"wp:term":[{"taxonomy":"category","embeddable":true,"href":"https:\/\/www.actualidadadiario.com\/index.php\/wp-json\/wp\/v2\/categories?post=66510"},{"taxonomy":"post_tag","embeddable":true,"href":"https:\/\/www.actualidadadiario.com\/index.php\/wp-json\/wp\/v2\/tags?post=66510"}],"curies":[{"name":"wp","href":"https:\/\/api.w.org\/{rel}","templated":true}]}}