{"id":66504,"date":"2020-09-03T12:42:15","date_gmt":"2020-09-03T15:42:15","guid":{"rendered":"https:\/\/www.actualidadadiario.com\/?p=66504"},"modified":"2020-09-03T12:42:15","modified_gmt":"2020-09-03T15:42:15","slug":"no-voy-a-permitir-el-colapso-del-sistema-sanitario","status":"publish","type":"post","link":"https:\/\/www.actualidadadiario.com\/index.php\/2020\/09\/03\/no-voy-a-permitir-el-colapso-del-sistema-sanitario\/","title":{"rendered":"&#8220;No voy a permitir el colapso del sistema sanitario&#8221;"},"content":{"rendered":"<p style=\"text-align: center;\"><em><strong>El jefe de Estado asegur\u00f3 que &#8220;no van a tirar por la borda&#8221; todo el esfuerzo m\u00e9dico desde el comienzo de la pandemia. Tambi\u00e9n apunt\u00f3 contra Mauricio Macri por las marchas anticuarentena. &#8220;Si un ex presidente desde Suiza celebra que la gente salga a la calle y se contagie, yo no no me voy a callar&#8221;, coment\u00f3<\/strong><\/em><\/p>\n<p>&nbsp;<\/p>\n<p>&nbsp;<\/p>\n<p>El presidente Alberto Fern\u00e1ndez se refiri\u00f3 a la situaci\u00f3n actual de la pandemia de coronavirus -luego de reportar 10.933 nuevos casos en solo 24 horas- y asegur\u00f3 que &#8220;hay cierto relajamiento social que no mide las consecuencias&#8221;. Al mismo tiempo, advirti\u00f3 que sigue de cerca la ocupaci\u00f3n de camas en todo el pa\u00eds y no descarta la posibilidad de endurecer las medidas de aislamiento social si siguen aumentando los casos. &#8220;No voy a permitir que la situaci\u00f3n llegue a un punto de colapso&#8221;, asegur\u00f3 el Presidente. &#8220;No vamos a tirar por la borda todo el fuerzo sanitario&#8221;.<\/p>\n<p>&#8220;El problema ha trascendido al AMBA. Es en Rosario, Entre R\u00edos, C\u00f3rdoba, Mendoza, Jujuy, Salta. En alg\u00fan lugar donde se empez\u00f3 a manifestar actuamos r\u00e1pidamente y con recursos profesionales como en Chaco. Ah\u00ed lo contuvimos inmediatamente, hoy Chaco tiene una meseta&#8221;, coment\u00f3.<\/p>\n<p>&#8220;Voy a hacer todos los esfuerzos para que la convivencia democr\u00e1tica exista, pero no me voy a callar lo que veo. Si un ex presidente desde Suiza celebra que la gente salga a la calle y se contagie, no me voy a callar&#8221;, agreg\u00f3.<\/p>\n<p>&nbsp;<\/p>\n<p><strong>El show opositor en el Congreso<\/strong><\/p>\n<p>El Presidente tambi\u00e9n se refiri\u00f3 a la \u00faltima sesi\u00f3n de Diputados,\u00a0 cuando calific\u00f3 como &#8220;lamentable&#8221; la decisi\u00f3n de Juntos por el Cambio de no querer tratar un proyecto de ley que penaliza la pesca ilegal. &#8220;La culpa la tiene la oposici\u00f3n. Quer\u00edan estar presentes en el recinto y se los invit\u00f3, pero se levantaron y se fueron&#8221;, sostuvo.<\/p>\n<p>&nbsp;<\/p>\n<p><strong>La reforma de la Justicia Federal<\/strong><\/p>\n<p>El Presidente tambi\u00e9n descart\u00f3 terminantemente\u00a0 la posibilidad de retirar el proyecto de reforma del funcionamiento de la Justicia Federal que envi\u00f3 al Congreso de la Naci\u00f3n. &#8220;De ning\u00fan modo&#8221;, sostuvo Fern\u00e1ndez en una entrevista con TN en la Residencia de Olivos.<\/p>\n<p>Asimismo, desminti\u00f3 que \u00e9se sea un proyecto impulsado por la vicepresidenta, Cristina Kichner. &#8220;No es la reforma judicial que quiere Cristina, es mentira. Uno de los mayores problemas es c\u00f3mo se informa. Hemos mandado una ley que ordena el funcionamiento de la justicia federal. No se habla de la Corte, ni del Consejo de la Magistratura, ni del juicio por jurados. Es una ley que no altera ning\u00fan proceso en marcha. Y ning\u00fan juez ha sido movido de su lugar. Eso es lo que se est\u00e1 discutiendo. Toda la campa\u00f1a dije que hab\u00eda que reformular la justicia federal, el primero de marzo lo volv\u00ed a repetir, eso lo hice yo, \u00bfqu\u00e9 hizo Cristina?&#8221;<\/p>\n<p>&nbsp;<\/p>\n<p><strong>Telecomunicaciones<\/strong><\/p>\n<p>&#8220;En 2003 tuvimos esta discusi\u00f3n sobre si los celulares eran o no servicio p\u00fablico. En ese momento era un art\u00edculo suntuario, en ese momento fue el servicio fijo el esencial. Cambiaron las cosas, Ahora hay m\u00e1s de 60 millones de celulares, ese es el servicio p\u00fablico&#8221;.<\/p>\n<p>&#8220;Hubo un crecimiento exponencial de las im\u00e1genes por el cable, \u00bfeso no\u00a0 es un servicio p\u00fablico? Internet es el canal de comunicaci\u00f3n por excelencia. Hoy un chico que no tiene acceso es un chico que no tiene informaci\u00f3n&#8221;<\/p>\n<p>&#8220;Es uno de los sectores m\u00e1s concentrados de la econom\u00eda argentina. \u00bfCu\u00e1ntos tienen telefon\u00eda, celular y cable?, hay uno solo. La medida no apunta a ellos, pero quiero hablar claro, hay una enorme concentraci\u00f3n en ese mercado. Quiero que se promueva la competencia&#8221;.<\/p>\n<p>&nbsp;<\/p>\n<p><strong>Aporte de las grandes fortunas<\/strong><\/p>\n<p>&#8220;No es un problema de empresarios, es un problema de solidaridad. En un momento de excepci\u00f3n como es una pandemia, les estamos pidiendo a 12 mil personas que nos ayuden. Adem\u00e1s, esos fondos tienen un destino espec\u00edfico. Estoy totalmente de acuerdo con ese proyecto&#8221;.<\/p>\n<p>&nbsp;<\/p>\n<p><strong>Econom\u00eda<\/strong><\/p>\n<p>&#8220;La econom\u00eda, la actividad industrial, medida por el consumo energ\u00e9tico, est\u00e1 igual al primer d\u00eda de la cuarentena. El consumo es m\u00e1s alto y la econom\u00eda se est\u00e1 moviendo. Esto lo logramos preservando las industrias, que pudieron funcionar respetaron protocolos&#8221;.<\/p>\n<p>&#8220;Lo que digo de la Ciudad, no es contra Horacio Rodr\u00edguez Larreta. Me quejo de la opulencia de la ciudad de Buenos Aires. Soy porte\u00f1o y siempre me quej\u00e9 de eso, no es culpa de los cuatro a\u00f1os de Larreta, sino de una historia de un pa\u00eds que se concentr\u00f3 en el puerto de Buenos Aires&#8221;.<\/p>\n<p>&#8220;No est\u00e1 en mis planes producir una devaluaci\u00f3n de la moneda. Hay un d\u00f3lar especulativo y otro que va creciendo siguiendo el ritmo de la inflaci\u00f3n. El d\u00f3lar ahorro es un problema, temen medidas restrictivas. Esperemos. Los cepos son malos. Yo lo hered\u00e9. Yo no lo potenciar\u00eda. Tenemos que ver c\u00f3mo acumulamos d\u00f3lares y que la gente crea m\u00e1s en el peso.&#8221;<\/p>\n<p>&#8220;Muchos argentinos saben que hay un gobierno que se ocupa y se preocupa por ellos. Hay 9 millones de argentinos que cobran el IFE por decisi\u00f3n nuestra; hay 2 millones y medios de trabajadores registrados que cobran su sueldo porque creamos la Asignaci\u00f3n para el Trabajo y la Producci\u00f3n (ATP), y eso auxilia a casi medio mill\u00f3n de empresas; y las madres que tienen hijos peque\u00f1os tienen su tarjeta alimentar que las ayud\u00f3 much\u00edsimo&#8221;.<\/p>\n<p>&#8220;Ten\u00edamos que despejar el tema de la deuda y lo hicimos hace dos d\u00edas. Cuando presentemos el presupuesto van a conocer las metas fiscales y las pol\u00edticas cambiarias y monetarias. Y desde ah\u00ed se ir\u00e1n anunciando las distintas medidas para hacerlo. Nosotros tenemos criterios. Hay que desendeudarse, acumular reservas, tener un d\u00f3lar competitivo y buscar el equilibrio de las cuentas fiscales.&#8221;<\/p>\n<p>&#8220;Los del 41por ciento de aumento en el impuesto a las ganancias de la cuarta categor\u00eda lo dice Clar\u00edn. No yo. Nunca nos planteamos eso.&#8221;<\/p>\n<p>&nbsp;<\/p>\n<p><strong>Aborto<\/strong><\/p>\n<p>&#8220;Es un problema de salud p\u00fablica y hay que resolverlo. Pero tambi\u00e9n quiero que sepan que ahora el sistema de salud est\u00e1 ocupado con la pandemia y no quiero distraerlos. Esa ley la voy a elevar por convicci\u00f3n&#8221;.<\/p>\n","protected":false},"excerpt":{"rendered":"<p>El jefe de Estado asegur\u00f3 que &#8220;no van a tirar por la borda&#8221; todo el esfuerzo m\u00e9dico desde el comienzo de la pandemia. Tambi\u00e9n apunt\u00f3 contra Mauricio Macri por las marchas anticuarentena. &#8220;Si un ex presidente desde Suiza celebra que la gente salga a la calle y se contagie, yo no no me voy a callar&#8221;, coment\u00f3 &nbsp; &nbsp; El presidente Alberto Fern\u00e1ndez se refiri\u00f3 a la situaci\u00f3n actual de la pandemia de coronavirus -luego de reportar 10.933 nuevos casos en solo 24 horas- y asegur\u00f3 que &#8220;hay cierto relajamiento&#8230;<\/p>\n","protected":false},"author":3,"featured_media":66505,"comment_status":"closed","ping_status":"closed","sticky":false,"template":"","format":"standard","meta":[],"categories":[9],"tags":[],"_links":{"self":[{"href":"https:\/\/www.actualidadadiario.com\/index.php\/wp-json\/wp\/v2\/posts\/66504"}],"collection":[{"href":"https:\/\/www.actualidadadiario.com\/index.php\/wp-json\/wp\/v2\/posts"}],"about":[{"href":"https:\/\/www.actualidadadiario.com\/index.php\/wp-json\/wp\/v2\/types\/post"}],"author":[{"embeddable":true,"href":"https:\/\/www.actualidadadiario.com\/index.php\/wp-json\/wp\/v2\/users\/3"}],"replies":[{"embeddable":true,"href":"https:\/\/www.actualidadadiario.com\/index.php\/wp-json\/wp\/v2\/comments?post=66504"}],"version-history":[{"count":1,"href":"https:\/\/www.actualidadadiario.com\/index.php\/wp-json\/wp\/v2\/posts\/66504\/revisions"}],"predecessor-version":[{"id":66506,"href":"https:\/\/www.actualidadadiario.com\/index.php\/wp-json\/wp\/v2\/posts\/66504\/revisions\/66506"}],"wp:featuredmedia":[{"embeddable":true,"href":"https:\/\/www.actualidadadiario.com\/index.php\/wp-json\/wp\/v2\/media\/66505"}],"wp:attachment":[{"href":"https:\/\/www.actualidadadiario.com\/index.php\/wp-json\/wp\/v2\/media?parent=66504"}],"wp:term":[{"taxonomy":"category","embeddable":true,"href":"https:\/\/www.actualidadadiario.com\/index.php\/wp-json\/wp\/v2\/categories?post=66504"},{"taxonomy":"post_tag","embeddable":true,"href":"https:\/\/www.actualidadadiario.com\/index.php\/wp-json\/wp\/v2\/tags?post=66504"}],"curies":[{"name":"wp","href":"https:\/\/api.w.org\/{rel}","templated":true}]}}