{"id":66501,"date":"2020-09-03T12:41:30","date_gmt":"2020-09-03T15:41:30","guid":{"rendered":"https:\/\/www.actualidadadiario.com\/?p=66501"},"modified":"2020-09-03T12:41:30","modified_gmt":"2020-09-03T15:41:30","slug":"se-presento-el-plan-nacional-de-accion-contra-violencia-de-genero","status":"publish","type":"post","link":"https:\/\/www.actualidadadiario.com\/index.php\/2020\/09\/03\/se-presento-el-plan-nacional-de-accion-contra-violencia-de-genero\/","title":{"rendered":"Se present\u00f3 el Plan Nacional de Acci\u00f3n contra Violencia de G\u00e9nero"},"content":{"rendered":"<p style=\"text-align: center;\"><em><strong>El Plan Nacional de Acci\u00f3n contra las Violencias por Motivos de G\u00e9nero fue presentado por el Ministerio de las Mujeres, G\u00e9neros y Diversidad de la Argentina. El primer Ministerio en la historia argentina de esta \u00edndole lanz\u00f3 el plan como una apuesta a luchar contra la Violencia de G\u00e9nero a nivel nacional. El plan integral propone abordar de manera participativa, federal, multiagencial, transversal e interseccional una problem\u00e1tica estructural<\/strong><\/em><\/p>\n<p>&nbsp;<\/p>\n<p>&nbsp;<\/p>\n<p>El mismo \u201crequiere del compromiso de todas, todos y todes para construir una sociedad m\u00e1s justa, igualitaria y sin violencias contra las mujeres y personas LGBTI+\u201d, explic\u00f3 el Ministerio de las Mujeres, G\u00e9neros y Diversidad. Para la elaboraci\u00f3n del proyecto \u201cabrimos un proceso participativo y federal en distintas instancias: a trav\u00e9s de Foros Federales presenciales y virtuales con la participaci\u00f3n de la sociedad civil, organizaciones sociales, pol\u00edticas, comunitarias y sindicales, entre otras\u201d.<\/p>\n<p>Tambi\u00e9n se llev\u00f3 a cabo un foro con agentes institucionales de los tres poderes del Estado en sus distintos niveles de cada jurisdicci\u00f3n, en la b\u00fasqueda de debatir y poner en valor las experiencias que consideran valiosas para que los organismos las puedan a\u00f1adir dentro del nuevo Plan de Acci\u00f3n. Adem\u00e1s se se\u00f1al\u00f3 que se habilit\u00f3 en una p\u00e1gina web un formulario consultivo donde se recibir\u00e1n las propuestas de quienes deseen participar.<\/p>\n<p>El nuevo Plan lanzado por el flamante Ministerio busca separarse de proyectos nacionales anteriores incorporando los derechos establecidos bajo la Ley de Identidad de G\u00e9nero y planteando un cambio de paradigma de cara al abordaje con las v\u00edctimas de violencia de g\u00e9nero. El Plan Nacional de Acci\u00f3n lanzado para poner en funcionamiento a partir de este a\u00f1o tiene ejes fundamentales sobre los que trabajar\u00e1.<\/p>\n<p>Los principales ejes ser\u00e1n: \u201cprevenir las violencias por motivos de g\u00e9nero, asistir y proteger a las personas que las atraviesan y fortalecer el acceso a la justicia de quienes est\u00e1n en situaci\u00f3n de violencia y su c\u00edrculo cercano\u201d. El cambio sobre c\u00f3mo se tratar\u00e1n las situaciones de violencia de g\u00e9nero bajo pol\u00edtica de Estado \u201ces un compromiso que impulsamos e implementamos junto a todo el Gobierno Nacional, de manera coordinada, integral y articulada\u201d.<\/p>\n","protected":false},"excerpt":{"rendered":"<p>El Plan Nacional de Acci\u00f3n contra las Violencias por Motivos de G\u00e9nero fue presentado por el Ministerio de las Mujeres, G\u00e9neros y Diversidad de la Argentina. El primer Ministerio en la historia argentina de esta \u00edndole lanz\u00f3 el plan como una apuesta a luchar contra la Violencia de G\u00e9nero a nivel nacional. El plan integral propone abordar de manera participativa, federal, multiagencial, transversal e interseccional una problem\u00e1tica estructural &nbsp; &nbsp; El mismo \u201crequiere del compromiso de todas, todos y todes para construir una sociedad m\u00e1s justa, igualitaria y sin violencias&#8230;<\/p>\n","protected":false},"author":3,"featured_media":66502,"comment_status":"closed","ping_status":"closed","sticky":false,"template":"","format":"standard","meta":[],"categories":[9],"tags":[],"_links":{"self":[{"href":"https:\/\/www.actualidadadiario.com\/index.php\/wp-json\/wp\/v2\/posts\/66501"}],"collection":[{"href":"https:\/\/www.actualidadadiario.com\/index.php\/wp-json\/wp\/v2\/posts"}],"about":[{"href":"https:\/\/www.actualidadadiario.com\/index.php\/wp-json\/wp\/v2\/types\/post"}],"author":[{"embeddable":true,"href":"https:\/\/www.actualidadadiario.com\/index.php\/wp-json\/wp\/v2\/users\/3"}],"replies":[{"embeddable":true,"href":"https:\/\/www.actualidadadiario.com\/index.php\/wp-json\/wp\/v2\/comments?post=66501"}],"version-history":[{"count":1,"href":"https:\/\/www.actualidadadiario.com\/index.php\/wp-json\/wp\/v2\/posts\/66501\/revisions"}],"predecessor-version":[{"id":66503,"href":"https:\/\/www.actualidadadiario.com\/index.php\/wp-json\/wp\/v2\/posts\/66501\/revisions\/66503"}],"wp:featuredmedia":[{"embeddable":true,"href":"https:\/\/www.actualidadadiario.com\/index.php\/wp-json\/wp\/v2\/media\/66502"}],"wp:attachment":[{"href":"https:\/\/www.actualidadadiario.com\/index.php\/wp-json\/wp\/v2\/media?parent=66501"}],"wp:term":[{"taxonomy":"category","embeddable":true,"href":"https:\/\/www.actualidadadiario.com\/index.php\/wp-json\/wp\/v2\/categories?post=66501"},{"taxonomy":"post_tag","embeddable":true,"href":"https:\/\/www.actualidadadiario.com\/index.php\/wp-json\/wp\/v2\/tags?post=66501"}],"curies":[{"name":"wp","href":"https:\/\/api.w.org\/{rel}","templated":true}]}}