{"id":66499,"date":"2020-09-03T12:40:16","date_gmt":"2020-09-03T15:40:16","guid":{"rendered":"https:\/\/www.actualidadadiario.com\/?p=66499"},"modified":"2020-09-03T12:40:16","modified_gmt":"2020-09-03T15:40:16","slug":"informan-38-nuevos-fallecimientos-y-son-9-155-los-muertos-en-la-argentina","status":"publish","type":"post","link":"https:\/\/www.actualidadadiario.com\/index.php\/2020\/09\/03\/informan-38-nuevos-fallecimientos-y-son-9-155-los-muertos-en-la-argentina\/","title":{"rendered":"Informan 38 nuevos fallecimientos y son 9.155 los muertos en la Argentina"},"content":{"rendered":"<p style=\"text-align: center;\"><em><strong>En el reporte oficial se indic\u00f3, adem\u00e1s, que fueron 10.933 los positivos de Covid-19 que se reportaron ayer en la Argentina y 439.172 el total de infectados hasta el momento<\/strong><\/em><\/p>\n<p>&nbsp;<\/p>\n<p>&nbsp;<\/p>\n<p>El Ministerio de Salud inform\u00f3 esta ma\u00f1ana 38 nuevos fallecimientos por coronavirus en el pa\u00eds, lo que elev\u00f3 a 9.155 la cifra de muertos desde marzo pasado, con una tasa de mortalidad de 201 personas cada mill\u00f3n de habitantes y de letalidad del 2,1% sobre los casos confirmados.<\/p>\n<p>En el reporte oficial se indic\u00f3, adem\u00e1s, que fueron 10.933 los positivos de Covid-19 que se reportaron ayer en la Argentina y 439.172 el total de infectados hasta el momento.<\/p>\n<p>Si bien la diferencia entre los pacientes muertos reportados ayer por la noche y los anunciados esta ma\u00f1ana es de 37, el Ministerio de Salud inform\u00f3 que &#8220;una persona notificada anteriormente como fallecida fue reclasificada&#8221;, por lo que la cantidad es de 38 en las \u00faltimas horas.<\/p>\n<p>La secretaria de Acceso a la Salud, Carla Vizzotti, dijo que &#8220;la situaci\u00f3n es la misma que en las \u00faltimas semanas&#8221; y se\u00f1al\u00f3 la &#8220;tensi\u00f3n &#8220;y el &#8220;estr\u00e9s&#8221; que sufre el sistema de salud y el personal que atiende la pandemia.<\/p>\n<p>La funcionaria se explay\u00f3 sobre la reuni\u00f3n que ayer mantuvieron el presidente Alberto Fern\u00e1ndez y el ministro de Salud, Gin\u00e9s Gonz\u00e1lez Garc\u00eda, con profesionales de la salud, desde m\u00e9dicos hasta enfermeros, camilleros, kinesi\u00f3logos y personal de limpieza y administrativo.<\/p>\n<p>Vizzotti dijo que fue &#8220;emocionante&#8221; el &#8220;compromiso&#8221; que transmitieron los trabajadores de la salud durante el encuentro y agreg\u00f3 que explicaron &#8220;lo que est\u00e1 sucediendo ahora, la tensi\u00f3n y el estr\u00e9s que genera esta carga de trabajo&#8221;.<\/p>\n<p>Seg\u00fan coment\u00f3 la funcionaria, los profesionales de la salud -despu\u00e9s de manifestar que &#8220;su compromiso es indeclinable&#8221; a pesar del &#8220;miedo&#8221; por los contagios de sus compa\u00f1eros y familiares, insistieron en la necesidad de evitar una propagaci\u00f3n mayor del virus.<\/p>\n<p>&#8220;(Ellos) Necesitan que nos cuidemos, aunque sea dif\u00edcil. Necesitamos redoblar los esfuerzos, convertirnos en escudo de protecci\u00f3n y no cadena de transmisi\u00f3n&#8221;, afirm\u00f3 Vizzotti.<\/p>\n<p>Seg\u00fan se indic\u00f3 en el reporte, un total de 2.359 personas cursan la enfermedad en unidades de terapia intensiva en todo el pa\u00eds, el 68,4% de ellos en establecimientos de la Ciudad y de la provincia de Buenos Aires, un 7,3% en C\u00f3rdoba y 4,1% en Mendoza.<\/p>\n<p>La ocupaci\u00f3n de camas de cuidados intensivos, m\u00e1s all\u00e1 de la dolencia que explique la internaci\u00f3n del paciente, a nivel nacional promedia el 61,1%, mientras que en el AMBA llega al 68,8%.<\/p>\n<p>Desde el \u00faltimo reporte emitido, se registr\u00f3 la muerte de 27 varones y 11 mujeres.<\/p>\n<p>Entre las jurisdicciones con m\u00e1s fallecidos reportados se encuentran la provincia de Buenos Aires con 26, la Ciudad de Buenos Aires con 4, y 2 de R\u00edo Negro.<\/p>\n<p>A la fecha, el total de altas es de 322.461 personas, que representan el 73,42% de los casos confirmados.<\/p>\n<p>Ayer fueron realizados 23.821 testeos y desde el inicio del brote se realizaron 1.324.687 pruebas diagn\u00f3sticas para esta enfermedad, lo que equivale a 29.193,1 muestras por mill\u00f3n de habitantes.<\/p>\n","protected":false},"excerpt":{"rendered":"<p>En el reporte oficial se indic\u00f3, adem\u00e1s, que fueron 10.933 los positivos de Covid-19 que se reportaron ayer en la Argentina y 439.172 el total de infectados hasta el momento &nbsp; &nbsp; El Ministerio de Salud inform\u00f3 esta ma\u00f1ana 38 nuevos fallecimientos por coronavirus en el pa\u00eds, lo que elev\u00f3 a 9.155 la cifra de muertos desde marzo pasado, con una tasa de mortalidad de 201 personas cada mill\u00f3n de habitantes y de letalidad del 2,1% sobre los casos confirmados. En el reporte oficial se indic\u00f3, adem\u00e1s, que fueron 10.933&#8230;<\/p>\n","protected":false},"author":3,"featured_media":66354,"comment_status":"closed","ping_status":"closed","sticky":false,"template":"","format":"standard","meta":[],"categories":[2],"tags":[],"_links":{"self":[{"href":"https:\/\/www.actualidadadiario.com\/index.php\/wp-json\/wp\/v2\/posts\/66499"}],"collection":[{"href":"https:\/\/www.actualidadadiario.com\/index.php\/wp-json\/wp\/v2\/posts"}],"about":[{"href":"https:\/\/www.actualidadadiario.com\/index.php\/wp-json\/wp\/v2\/types\/post"}],"author":[{"embeddable":true,"href":"https:\/\/www.actualidadadiario.com\/index.php\/wp-json\/wp\/v2\/users\/3"}],"replies":[{"embeddable":true,"href":"https:\/\/www.actualidadadiario.com\/index.php\/wp-json\/wp\/v2\/comments?post=66499"}],"version-history":[{"count":1,"href":"https:\/\/www.actualidadadiario.com\/index.php\/wp-json\/wp\/v2\/posts\/66499\/revisions"}],"predecessor-version":[{"id":66500,"href":"https:\/\/www.actualidadadiario.com\/index.php\/wp-json\/wp\/v2\/posts\/66499\/revisions\/66500"}],"wp:featuredmedia":[{"embeddable":true,"href":"https:\/\/www.actualidadadiario.com\/index.php\/wp-json\/wp\/v2\/media\/66354"}],"wp:attachment":[{"href":"https:\/\/www.actualidadadiario.com\/index.php\/wp-json\/wp\/v2\/media?parent=66499"}],"wp:term":[{"taxonomy":"category","embeddable":true,"href":"https:\/\/www.actualidadadiario.com\/index.php\/wp-json\/wp\/v2\/categories?post=66499"},{"taxonomy":"post_tag","embeddable":true,"href":"https:\/\/www.actualidadadiario.com\/index.php\/wp-json\/wp\/v2\/tags?post=66499"}],"curies":[{"name":"wp","href":"https:\/\/api.w.org\/{rel}","templated":true}]}}