{"id":66492,"date":"2020-09-03T12:37:51","date_gmt":"2020-09-03T15:37:51","guid":{"rendered":"https:\/\/www.actualidadadiario.com\/?p=66492"},"modified":"2020-09-03T12:37:51","modified_gmt":"2020-09-03T15:37:51","slug":"coronavirus-carta-abierta-de-la-facultad-de-medicina-de-la-universidad-de-buenos-aires","status":"publish","type":"post","link":"https:\/\/www.actualidadadiario.com\/index.php\/2020\/09\/03\/coronavirus-carta-abierta-de-la-facultad-de-medicina-de-la-universidad-de-buenos-aires\/","title":{"rendered":"Coronavirus: carta abierta de la Facultad de Medicina de la Universidad de Buenos Aires"},"content":{"rendered":"<p style=\"text-align: center;\"><em><strong>La Facultad de Medicina de la Universidad de Buenos Aires advirti\u00f3 en una carta abierta a la sociedad que &#8220;hoy transitamos el momento m\u00e1s dif\u00edcil de la pandemia&#8221; y afirm\u00f3 que de &#8220;no implementarse medidas adicionales esta situaci\u00f3n continuar\u00e1 agrav\u00e1ndose d\u00eda a d\u00eda&#8221; porque &#8220;la cantidad de infectados y fallecidos sigue en aumento&#8221; en medio del cansancio de m\u00e9dicos y enfermeros<\/strong><\/em><\/p>\n<p>&nbsp;<\/p>\n<p><em>&#8220;Hoy transitamos en la Argentina el momento m\u00e1s dif\u00edcil de la pandemia por SARS-CoV2, medido tanto en funci\u00f3n de nuevos contagios como tambi\u00e9n por el creciente n\u00famero de personas que fallecen a diario&#8221;, se\u00f1al\u00f3 esa casa de altos estudios junto a sociedades m\u00e9dicas y cient\u00edficas en una &#8220;Carta Abierta a la Sociedad Argentina en Medio de la Pandemia&#8221;<\/em> que se dio a conocer ayer.<\/p>\n<p>Alertaron que <em>&#8220;de no implementarse medidas adicionales, esta situaci\u00f3n continuar\u00e1 agrav\u00e1ndose d\u00eda a d\u00eda&#8221; y agregaron que &#8220;el distanciamiento social contin\u00faa representando la medida fundamental en la lucha contra la pandemia&#8221;.<\/em><\/p>\n<p>Tambi\u00e9n a\u00f1adieron que observan <em>&#8220;con gran preocupaci\u00f3n un relajamiento en el cumplimiento de las normas de distanciamiento que no respeta l\u00edmites geogr\u00e1ficos ni circunscripciones pol\u00edticas&#8221;.<\/em><\/p>\n<p>Al respecto, realizaron un <em>&#8220;en\u00e9rgico llamado que comprende tanto a los gobiernos como a cada uno de los ciudadanos&#8221; ya que &#8220;hablamos de miles y miles de muertes que pueden ser evitadas&#8221;.<\/em><\/p>\n<p>Edgardo Knopoff, profesor de la UBA y Jefe del \u00c1rea Program\u00e1tica del Hospital Pi\u00f1ero, dijo en di\u00e1logo con T\u00e9lam que &#8220;la estrategia estuvo bien porque se duplicaron las camas y la mortalidad es baja&#8221;, aunque &#8220;no duplicamos la cantidad de m\u00e9dicos&#8221;.<\/p>\n<p>&#8220;Ahora es m\u00e1s dif\u00edcil porque tenemos muchos colegas enfermos con estr\u00e9s y agotamiento&#8221;, explic\u00f3.<\/p>\n<p>&#8220;No se forman m\u00e9dicos y capacitan enfermeros de la noche a la ma\u00f1ana&#8221;, explic\u00f3 y apunt\u00f3 que &#8220;estamos indignados porque no tenemos descanso y otros van a tomar un caf\u00e9&#8221;.<\/p>\n<p>Asegur\u00f3 que &#8220;el aumento de actividades lleva a mayor infecci\u00f3n&#8221; y que &#8220;la necesidades econ\u00f3micas se entienden&#8221;, en cuanto a la apertura de f\u00e1bricas, &#8220;pero no el caf\u00e9 en la calle&#8221;.<\/p>\n<p>Con respecto a la posibilidad de retroceder de fase, dijo que la decisi\u00f3n es pol\u00edtica, pero que &#8220;tenemos casos suficientes para volver a fase uno, no para terminar con esto sino para volver a empezar con muchos menos casos&#8221;.<\/p>\n<p>En el comunicado de la Facultad de Medicina, los profesionales apuntaron que <em>&#8220;se deben poner en funcionamiento, con mayor rapidez, dispositivos de b\u00fasqueda de personas infectadas con y sin s\u00edntomas, (pero que igual contagian) y contactos estrechos&#8221;.<\/em><\/p>\n<p>Para lograr dicho objetivo, dijeron que <em>&#8220;debe ampliarse dr\u00e1sticamente nuestra capacidad diagn\u00f3stica, implementando una l\u00f3gica m\u00e1s agresiva y activa&#8221;.<\/em><\/p>\n<p><em>&#8220;Lo que hemos hecho hasta el presente en este terreno, es claramente insuficiente. Si bien hasta el d\u00eda de hoy, la mortalidad es m\u00e1s baja que en muchos pa\u00edses, nuestra cantidad de infectados y fallecidos sigue en aumento&#8221;,<\/em> indicaron.<\/p>\n<p>Los profesionales subrayaron que <em>&#8220;el personal de salud ha realizado y contin\u00faa realizando, un esfuerzo extraordinario. D\u00eda a d\u00eda ponen en juego su salud, y la de sus seres queridos. Es esencial reconocer su trabajo y brindarles nuestro c\u00e1lido homenaje&#8221;.<\/em><\/p>\n<p>Solicitaron a las autoridades <em>&#8220;con car\u00e1cter de urgente fortalecer el sistema de salud mediante la incorporaci\u00f3n de personal id\u00f3neo y equipamiento adecuado, y reconocer a aquellos a quienes se desconoci\u00f3 y desvaloriz\u00f3 por mucho tiempo. Le pedimos a la sociedad y a los gobiernos que nos ayuden a cuidar y que nos cuiden&#8221;.<\/em><\/p>\n<p><em>&#8220;Estamos agotados de trabajar en este contexto y en estas condiciones laborales. La pandemia nos afecta a todos, el temor a enfermar y a morir est\u00e1 presente en la sociedad, y el cansancio por la distancia y el encierro es cada vez mayor&#8221;,<\/em> enfatizaron.<\/p>\n<p>Luego remarcaron que <em>&#8220;los m\u00e9dicos, enfermeros, kinesi\u00f3logos, y dem\u00e1s trabajadores de la salud, estamos -adem\u00e1s- estresados y exhaustos de trabajar en forma continua y sin descanso desde hace 160 d\u00edas, en un sistema que no nos reconoce, que no nos cuida, ni nos da los elementos de protecci\u00f3n necesarios para nuestro trabajo. Nosotros tambi\u00e9n nos enfermamos, nos morimos. A nadie debiera faltarle el trabajo, pero lo que es seguro, nadie deber\u00eda perder su vida por trabajar, y esto nos est\u00e1 sucediendo&#8221;.<\/em><\/p>\n<p><em>&#8220;Nos preocupa mucho el aumento de circulaci\u00f3n comunitaria, la falta o el mal uso de barbijos y m\u00e1scaras, el que no se respeten las medidas de distanciamiento, las reuniones sociales sin cuidados, porque esto lleva directamente a un aumento de contagios, discapacidades y muertes. Es necesario aumentar nuestra conciencia de riesgo, como individuos y como sociedad&#8221;,<\/em> concluyeron.<\/p>\n","protected":false},"excerpt":{"rendered":"<p>La Facultad de Medicina de la Universidad de Buenos Aires advirti\u00f3 en una carta abierta a la sociedad que &#8220;hoy transitamos el momento m\u00e1s dif\u00edcil de la pandemia&#8221; y afirm\u00f3 que de &#8220;no implementarse medidas adicionales esta situaci\u00f3n continuar\u00e1 agrav\u00e1ndose d\u00eda a d\u00eda&#8221; porque &#8220;la cantidad de infectados y fallecidos sigue en aumento&#8221; en medio del cansancio de m\u00e9dicos y enfermeros &nbsp; &#8220;Hoy transitamos en la Argentina el momento m\u00e1s dif\u00edcil de la pandemia por SARS-CoV2, medido tanto en funci\u00f3n de nuevos contagios como tambi\u00e9n por el creciente n\u00famero de&#8230;<\/p>\n","protected":false},"author":3,"featured_media":59613,"comment_status":"closed","ping_status":"closed","sticky":false,"template":"","format":"standard","meta":[],"categories":[2],"tags":[],"_links":{"self":[{"href":"https:\/\/www.actualidadadiario.com\/index.php\/wp-json\/wp\/v2\/posts\/66492"}],"collection":[{"href":"https:\/\/www.actualidadadiario.com\/index.php\/wp-json\/wp\/v2\/posts"}],"about":[{"href":"https:\/\/www.actualidadadiario.com\/index.php\/wp-json\/wp\/v2\/types\/post"}],"author":[{"embeddable":true,"href":"https:\/\/www.actualidadadiario.com\/index.php\/wp-json\/wp\/v2\/users\/3"}],"replies":[{"embeddable":true,"href":"https:\/\/www.actualidadadiario.com\/index.php\/wp-json\/wp\/v2\/comments?post=66492"}],"version-history":[{"count":1,"href":"https:\/\/www.actualidadadiario.com\/index.php\/wp-json\/wp\/v2\/posts\/66492\/revisions"}],"predecessor-version":[{"id":66493,"href":"https:\/\/www.actualidadadiario.com\/index.php\/wp-json\/wp\/v2\/posts\/66492\/revisions\/66493"}],"wp:featuredmedia":[{"embeddable":true,"href":"https:\/\/www.actualidadadiario.com\/index.php\/wp-json\/wp\/v2\/media\/59613"}],"wp:attachment":[{"href":"https:\/\/www.actualidadadiario.com\/index.php\/wp-json\/wp\/v2\/media?parent=66492"}],"wp:term":[{"taxonomy":"category","embeddable":true,"href":"https:\/\/www.actualidadadiario.com\/index.php\/wp-json\/wp\/v2\/categories?post=66492"},{"taxonomy":"post_tag","embeddable":true,"href":"https:\/\/www.actualidadadiario.com\/index.php\/wp-json\/wp\/v2\/tags?post=66492"}],"curies":[{"name":"wp","href":"https:\/\/api.w.org\/{rel}","templated":true}]}}