{"id":66483,"date":"2020-09-03T12:34:26","date_gmt":"2020-09-03T15:34:26","guid":{"rendered":"https:\/\/www.actualidadadiario.com\/?p=66483"},"modified":"2020-09-03T12:34:26","modified_gmt":"2020-09-03T15:34:26","slug":"este-jueves-se-registraron-125-nuevos-casos-de-coronavirus-en-entre-rios","status":"publish","type":"post","link":"https:\/\/www.actualidadadiario.com\/index.php\/2020\/09\/03\/este-jueves-se-registraron-125-nuevos-casos-de-coronavirus-en-entre-rios\/","title":{"rendered":"Este jueves se registraron 125 nuevos casos de coronavirus en Entre R\u00edos"},"content":{"rendered":"<p style=\"text-align: center;\"><em><strong>El \u00e1rea de Vigilancia Epidemiol\u00f3gica, confirm\u00f3 que este jueves en Entre R\u00edos se registraron 125 nuevos casos de coronavirus<\/strong><\/em><\/p>\n<p>&nbsp;<\/p>\n<p>&nbsp;<\/p>\n<ul>\n<li>Paran\u00e1 : 76<\/li>\n<li>Gualeguaych\u00fa : 26<\/li>\n<li>Diamante : 7<\/li>\n<li>Uruguay : 5<\/li>\n<li>Villaguay : 3<\/li>\n<li>La Paz : 3<\/li>\n<li>Nogoy\u00e1 : 2<\/li>\n<li>Victoria : 1<\/li>\n<li>Federaci\u00f3n : 1<\/li>\n<li>Col\u00f3n : 1<\/li>\n<\/ul>\n<p>&nbsp;<\/p>\n<p>De ese modo, en la provincia son 3.893 los casos confirmados.<\/p>\n<p>&nbsp;<\/p>\n<p><strong>Decesos<\/strong><\/p>\n<p>Por otra parte, se registraron tres fallecimientos en Entre R\u00edos asociados a Covid-19.<\/p>\n<p>Se trata de dos hombres, uno oriundo de Paran\u00e1 de 85 a\u00f1os que estaba internado en el hospital San Mart\u00edn de la capital Entrerriana y el otro de Feliciano de 63 a\u00f1os, que era tratado en el Francisco Ram\u00edrez de dicha ciudad.<\/p>\n<p>Y una mujer de 64 a\u00f1os procedente de Diamante, que permanec\u00eda en el hospital San Jos\u00e9 de la localidad.<\/p>\n<p>De esta manera, son 61 los fallecidos con Covid-19 en la provincia.<\/p>\n","protected":false},"excerpt":{"rendered":"<p>El \u00e1rea de Vigilancia Epidemiol\u00f3gica, confirm\u00f3 que este jueves en Entre R\u00edos se registraron 125 nuevos casos de coronavirus &nbsp; &nbsp; Paran\u00e1 : 76 Gualeguaych\u00fa : 26 Diamante : 7 Uruguay : 5 Villaguay : 3 La Paz : 3 Nogoy\u00e1 : 2 Victoria : 1 Federaci\u00f3n : 1 Col\u00f3n : 1 &nbsp; De ese modo, en la provincia son 3.893 los casos confirmados. &nbsp; Decesos Por otra parte, se registraron tres fallecimientos en Entre R\u00edos asociados a Covid-19. Se trata de dos hombres, uno oriundo de Paran\u00e1 de 85&#8230;<\/p>\n","protected":false},"author":3,"featured_media":66323,"comment_status":"closed","ping_status":"closed","sticky":false,"template":"","format":"standard","meta":[],"categories":[15],"tags":[],"_links":{"self":[{"href":"https:\/\/www.actualidadadiario.com\/index.php\/wp-json\/wp\/v2\/posts\/66483"}],"collection":[{"href":"https:\/\/www.actualidadadiario.com\/index.php\/wp-json\/wp\/v2\/posts"}],"about":[{"href":"https:\/\/www.actualidadadiario.com\/index.php\/wp-json\/wp\/v2\/types\/post"}],"author":[{"embeddable":true,"href":"https:\/\/www.actualidadadiario.com\/index.php\/wp-json\/wp\/v2\/users\/3"}],"replies":[{"embeddable":true,"href":"https:\/\/www.actualidadadiario.com\/index.php\/wp-json\/wp\/v2\/comments?post=66483"}],"version-history":[{"count":1,"href":"https:\/\/www.actualidadadiario.com\/index.php\/wp-json\/wp\/v2\/posts\/66483\/revisions"}],"predecessor-version":[{"id":66484,"href":"https:\/\/www.actualidadadiario.com\/index.php\/wp-json\/wp\/v2\/posts\/66483\/revisions\/66484"}],"wp:featuredmedia":[{"embeddable":true,"href":"https:\/\/www.actualidadadiario.com\/index.php\/wp-json\/wp\/v2\/media\/66323"}],"wp:attachment":[{"href":"https:\/\/www.actualidadadiario.com\/index.php\/wp-json\/wp\/v2\/media?parent=66483"}],"wp:term":[{"taxonomy":"category","embeddable":true,"href":"https:\/\/www.actualidadadiario.com\/index.php\/wp-json\/wp\/v2\/categories?post=66483"},{"taxonomy":"post_tag","embeddable":true,"href":"https:\/\/www.actualidadadiario.com\/index.php\/wp-json\/wp\/v2\/tags?post=66483"}],"curies":[{"name":"wp","href":"https:\/\/api.w.org\/{rel}","templated":true}]}}