{"id":66480,"date":"2020-09-03T12:33:46","date_gmt":"2020-09-03T15:33:46","guid":{"rendered":"https:\/\/www.actualidadadiario.com\/?p=66480"},"modified":"2020-09-03T12:33:46","modified_gmt":"2020-09-03T15:33:46","slug":"en-diputados-continuo-el-tratamiento-del-proyecto-de-ley-sobre-sistemas-de-produccion-agroecologica","status":"publish","type":"post","link":"https:\/\/www.actualidadadiario.com\/index.php\/2020\/09\/03\/en-diputados-continuo-el-tratamiento-del-proyecto-de-ley-sobre-sistemas-de-produccion-agroecologica\/","title":{"rendered":"En Diputados continu\u00f3 el tratamiento del proyecto de ley sobre sistemas de producci\u00f3n agroecol\u00f3gica"},"content":{"rendered":"<p style=\"text-align: center;\"><em><strong>En la reuni\u00f3n de la Comisi\u00f3n de Recursos Naturales y Ambiente se avanz\u00f3 con el trabajo del proyecto de ley -presentado por los ex senadores \u00c1ngel Giano y Mario Torres- que busca fomentar, incentivar y desarrollar Sistemas de Producci\u00f3n Agroecol\u00f3gica<\/strong><\/em><\/p>\n<p>&nbsp;<\/p>\n<p>&nbsp;<\/p>\n<p>Para esta ocasi\u00f3n fueron invitados a participar el presidente del Colegio de Veterinarios de Entre R\u00edos, Sebasti\u00e1n Vittone, el integrante del Consejo Directivo de la Facultad de Ciencias Agropecuarias de la UNER, Am\u00e9rico Gonz\u00e1lez, y la directora ejecutiva de la Fundaci\u00f3n Cauce, Valeria Enderle. Por otra parte, la Comisi\u00f3n de Econom\u00eda Regional dio tratamiento al proyecto de Ley que busca modificar la Ley 7.435 de Apicultura.<\/p>\n<p>Este mi\u00e9rcoles se reuni\u00f3 de manera virtual la Comisi\u00f3n de Recursos Naturales y Ambiente, presidida por el diputado Sergio Castrill\u00f3n (Bloque Frente Justicialista CREER Entre R\u00edos), para continuar con el abordaje del proyecto de Ley con media sanci\u00f3n, formulado por los senadores mandato cumplido Angel Giano y Mario Torres, que apunta a fomentar, incentivar y desarrollar Sistemas de Producci\u00f3n Agroecol\u00f3gica.<\/p>\n<p>Al igual que en el encuentro anterior, fueron invitados distintos representantes de sectores vinculados a la tem\u00e1tica, con el fin de que se expresen y realicen sus respectivos aportes a la Comisi\u00f3n.<\/p>\n<p>El presidente del Colegio de Veterinarios de Entre R\u00edos, Sebasti\u00e1n Vittone, se puso a disposici\u00f3n de la C\u00e1mara de Diputados para cuando se requiera su participaci\u00f3n y, respecto al proyecto de Ley, expres\u00f3 que \u201cse tratan de procesos a largo plazo, por lo que se debe atender a c\u00f3mo se migrar\u00eda del sistema actual hacia un tipo de producci\u00f3n agroecol\u00f3gica\u201d.<\/p>\n<p>\u201cEstamos de acuerdo en que, adem\u00e1s de lo productivo, se necesita de lo social y lo ambiental para avanzar como sociedad\u201d, afirm\u00f3 Am\u00e9rico Gonz\u00e1lez, quien integra el Consejo Directivo de la Facultad de Ciencias Agropecuarias de la UNER. Adem\u00e1s, el ingeniero agr\u00f3nomo dijo que \u201cla Ley contempla una producci\u00f3n org\u00e1nica, se deber\u00eda tener una definici\u00f3n m\u00e1s amplia que involucre a los profesionales de la agronom\u00eda\u201d.<\/p>\n<p>Por su parte, la directora ejecutiva de la Fundaci\u00f3n Cauce, Valeria Enderle, contextualiz\u00f3 hist\u00f3ricamente el tema y consider\u00f3 que \u201cesta Ley es una necesidad y una demanda. La agroecolog\u00eda es la base para la evoluci\u00f3n de los sistemas alimentarios, mostrando lo urgente de las dimensiones de la vida en lo social, ambiental, econ\u00f3mico y agroproductivo\u201d.<\/p>\n<p>Tras las exposiciones, la diputada Mariana Farf\u00e1n (Bloque Frente Justicialista CREER Entre R\u00edos) resalt\u00f3 la importancia de cambiar el actual sistema de producci\u00f3n y afirm\u00f3 que \u201cen este proyecto se deben volcar pol\u00edticas y recursos para hacer la transici\u00f3n, dependiendo de la voluntad del Estado para que sea un sost\u00e9n real\u201d.<\/p>\n<p>\u201cNo debemos quedarnos s\u00f3lo con la mirada productiva, sino tambi\u00e9n integrar la de transporte, profesionales y mercados, para que todo el sistema pueda adaptarse al cambio de paradigma\u201d, asegur\u00f3 el diputado Nicol\u00e1s Mattiauda (Bloque PRO), quien adem\u00e1s fue coautor de la iniciativa.<\/p>\n<p>Diputadas y diputados coincidieron en seguir escuchando a distintos representantes involucrados con el proyecto de Ley para enriquecerlo y garantizar su aplicabilidad.<\/p>\n<p>La reuni\u00f3n de la Comisi\u00f3n de Recursos Naturales y Ambiente, presidida por el diputado Sergio Castrill\u00f3n, cont\u00f3 con la presencia de las diputadas Mariana Farf\u00e1n, Gracia Jaroslavsky, Carina Ramos, Carmen Toller y Luc\u00eda Varisco y los diputados N\u00e9stor Loggio, Nicol\u00e1s Mattiauda y Eduardo Solari.<\/p>\n<p>&nbsp;<\/p>\n<p><strong>Ley de Apicultura<\/strong><\/p>\n<p>Posteriormente, la Comisi\u00f3n de Econom\u00edas Regionales, presidida por el diputado Juli\u00e1n Maneiro (Bloque Uni\u00f3n C\u00edvica Radical), se reuni\u00f3 para tratar el proyecto del diputado Diego Lara (Bloque Frente Justicialista CREER Entre R\u00edos), venido en revisi\u00f3n, que busca modificar la Ley 7.435 de Apicultura.<\/p>\n<p>Sobre el inicio de la reuni\u00f3n Lara detall\u00f3 los alcances del proyecto como as\u00ed tambi\u00e9n la modificaci\u00f3n que fue realizada en la C\u00e1mara de Senadores y agradeci\u00f3 \u201cla predisposici\u00f3n para retomar este expediente que es tan esperado por el sector\u201d. \u201cM\u00e1s de diez mil familias viven en Entre R\u00edos de la apicultura\u201d, manifest\u00f3 el diputado haciendo referencia a la cantidad de beneficiarios que tendr\u00eda la Ley.<\/p>\n<p>Para el debate de la iniciativa fue convocado el senador mandato cumplido, Mario Torres, quien durante su per\u00edodo como legislador colabor\u00f3 con su tratamiento en Comisiones: \u201cEste es un proyecto que tuvo mucho tratamiento con todos los sectores interesados en la aplicaci\u00f3n de la Ley\u201d.<\/p>\n<p>Adem\u00e1s, Torres manifest\u00f3 su postura en cuanto al tratamiento que el proyecto deber\u00eda tener en la instancia de revisi\u00f3n de Diputados y destac\u00f3 que \u201cesta es una Ley fundamental para el sector, que tuvo su tiempo de maduraci\u00f3n y que significa un aporte significativo para la producci\u00f3n entendiendo la importancia de la abeja en nuestro ambiente\u201d.<\/p>\n<p>\u201cEs importante avanzar en la sanci\u00f3n definitiva, teniendo en cuenta todo el an\u00e1lisis previo que se hizo del proyecto\u201d, expres\u00f3 el diputado Nicol\u00e1s Mattiauda. Por su parte el diputado N\u00e9stor Loggio celebr\u00f3 y acompa\u00f1\u00f3 la nueva instancia de debate.<\/p>\n<p>Sobre el cierre del tratamiento, los diputados coincidieron en darle dictamen de Comisi\u00f3n al proyecto presentado por Lara. Adem\u00e1s, los legisladores repasaron la lista de proyectos pendientes de an\u00e1lisis y armaron la agenda para los pr\u00f3ximos encuentros.<\/p>\n<p>Participaron de la reuni\u00f3n de Comisi\u00f3n presidida por Juli\u00e1n Maneiro los diputados Jos\u00e9 Kramer, N\u00e9stor Loggio, Jorge Satto y Diego Lara.<\/p>\n","protected":false},"excerpt":{"rendered":"<p>En la reuni\u00f3n de la Comisi\u00f3n de Recursos Naturales y Ambiente se avanz\u00f3 con el trabajo del proyecto de ley -presentado por los ex senadores \u00c1ngel Giano y Mario Torres- que busca fomentar, incentivar y desarrollar Sistemas de Producci\u00f3n Agroecol\u00f3gica &nbsp; &nbsp; Para esta ocasi\u00f3n fueron invitados a participar el presidente del Colegio de Veterinarios de Entre R\u00edos, Sebasti\u00e1n Vittone, el integrante del Consejo Directivo de la Facultad de Ciencias Agropecuarias de la UNER, Am\u00e9rico Gonz\u00e1lez, y la directora ejecutiva de la Fundaci\u00f3n Cauce, Valeria Enderle. Por otra parte, la&#8230;<\/p>\n","protected":false},"author":3,"featured_media":66481,"comment_status":"closed","ping_status":"closed","sticky":false,"template":"","format":"standard","meta":[],"categories":[15],"tags":[],"_links":{"self":[{"href":"https:\/\/www.actualidadadiario.com\/index.php\/wp-json\/wp\/v2\/posts\/66480"}],"collection":[{"href":"https:\/\/www.actualidadadiario.com\/index.php\/wp-json\/wp\/v2\/posts"}],"about":[{"href":"https:\/\/www.actualidadadiario.com\/index.php\/wp-json\/wp\/v2\/types\/post"}],"author":[{"embeddable":true,"href":"https:\/\/www.actualidadadiario.com\/index.php\/wp-json\/wp\/v2\/users\/3"}],"replies":[{"embeddable":true,"href":"https:\/\/www.actualidadadiario.com\/index.php\/wp-json\/wp\/v2\/comments?post=66480"}],"version-history":[{"count":1,"href":"https:\/\/www.actualidadadiario.com\/index.php\/wp-json\/wp\/v2\/posts\/66480\/revisions"}],"predecessor-version":[{"id":66482,"href":"https:\/\/www.actualidadadiario.com\/index.php\/wp-json\/wp\/v2\/posts\/66480\/revisions\/66482"}],"wp:featuredmedia":[{"embeddable":true,"href":"https:\/\/www.actualidadadiario.com\/index.php\/wp-json\/wp\/v2\/media\/66481"}],"wp:attachment":[{"href":"https:\/\/www.actualidadadiario.com\/index.php\/wp-json\/wp\/v2\/media?parent=66480"}],"wp:term":[{"taxonomy":"category","embeddable":true,"href":"https:\/\/www.actualidadadiario.com\/index.php\/wp-json\/wp\/v2\/categories?post=66480"},{"taxonomy":"post_tag","embeddable":true,"href":"https:\/\/www.actualidadadiario.com\/index.php\/wp-json\/wp\/v2\/tags?post=66480"}],"curies":[{"name":"wp","href":"https:\/\/api.w.org\/{rel}","templated":true}]}}