{"id":66472,"date":"2020-09-03T12:31:34","date_gmt":"2020-09-03T15:31:34","guid":{"rendered":"https:\/\/www.actualidadadiario.com\/?p=66472"},"modified":"2020-09-03T12:31:34","modified_gmt":"2020-09-03T15:31:34","slug":"la-preocupacion-del-gobierno-provincial-se-centra-en-la-disponibilidad-de-camas","status":"publish","type":"post","link":"https:\/\/www.actualidadadiario.com\/index.php\/2020\/09\/03\/la-preocupacion-del-gobierno-provincial-se-centra-en-la-disponibilidad-de-camas\/","title":{"rendered":"La preocupaci\u00f3n del Gobierno provincial se centra en la disponibilidad de camas"},"content":{"rendered":"<p style=\"text-align: center;\"><em><strong>El funcionario del \u00e1rea de Salud, Carlos Berbara, se refiri\u00f3 a la situaci\u00f3n actual respecto a la pandemia. \u201cSi bien el sistema integrado en Paran\u00e1 y el Gran Paran\u00e1 sigue siendo continente para la densidad poblaci\u00f3n, el n\u00famero de casos que se presentan y las expectativas que tenemos con el crecimiento de casos positivos es muy preocupante\u201d, advirti\u00f3. Dijo que es urgente disminuir la circulaci\u00f3n de personas y el n\u00famero de contagios<\/strong><\/em><\/p>\n<p>&nbsp;<\/p>\n<p>&nbsp;<\/p>\n<p>Berbara, quien fue transferido de la Direcci\u00f3n General de Salud Mental a la Direcci\u00f3n General de Segundo y Tercer Nivel del Ministerio de Salud, se refiri\u00f3 a situaci\u00f3n epidemiol\u00f3gica y a los datos que preocupan en la actualidad, y coment\u00f3:<\/p>\n<p>\u201cDatos preocupantes hoy por hoy para el sistema de salud son la ocupaci\u00f3n de camas de alta complejidad, que son las camas de terapia intensiva munidas de respiradores, y la complejidad que requiere atender los casos m\u00e1s graves generados por coronavirus. Y tambi\u00e9n la movilidad de las personas en la ciudad. Esos son los dos factores que hoy tenemos bajo la lupa porque son situaciones en la que una es la puerta de entrada para la infecci\u00f3n por coronavirus, y la otra la herramienta fundamental para salvar vidas que est\u00e9n puestas en riesgo por infecci\u00f3n&#8221;, indic\u00f3 Berbara.<\/p>\n<p>Al brindar un detalle de la disponibilidad de camas UTI expres\u00f3: \u201cConcentr\u00e1ndonos en Paran\u00e1, el Hospital San Mart\u00edn, de 32 camas de terapia intensiva con asistencia mec\u00e1nica respiratoria, tiene 24 ocupadas. Y el Hospital de La Baxada, de 18 tiene 12 ocupadas\u201d.<\/p>\n<p>En cuanto a la capacidad de camas UTI en los hospitales en general, indic\u00f3 que &#8220;hoy por hoy en la ciudad de Paran\u00e1 tenemos aproximadamente un 70 por ciento de ocupaci\u00f3n de camas\u201d.<\/p>\n<p>El n\u00famero espec\u00edfico se\u00f1ala que \u201cpara Paran\u00e1 ciudad es un 68,23 por ciento y si ampliamos a la regi\u00f3n sanitaria que toma el Gran Paran\u00e1 e instituciones privadas como el Sanatorio Adventista, dem\u00e1s sanatorios de la costa del Paran\u00e1, centros m\u00e9dicos de Diamante y Villa Libertador, tenemos un 65,54 por ciento\u201d.<\/p>\n<p>Aclar\u00f3 que esto refiere a camas de terapia intensiva de mayor complejidad donde el total en el gran Paran\u00e1 es de 119 camas de terapia intensiva, de las cuales hay 78 ocupadas al d\u00eda de la fecha\u201d.<\/p>\n<p>Por otro lado, respecto a camas para casos leves y moderados, detall\u00f3 que son alrededor de 700. Precis\u00f3 que \u201cse ubicaron unidades de cuidados intermedios en hoteles y dem\u00e1s zonas para tomar casos positivos leves que requieren un seguimiento y casos sospechosos que est\u00e1n esperando el resultado de hisopado y no lo pueden hacer en su propia casa; se ha ampliado mucho el margen de alojamiento en esas unidades\u201d.<\/p>\n<p>Y agreg\u00f3: \u201cNosotros hemos podido dar el salto de tener 85 camas en el Gran Paran\u00e1 a principios de marzo a tener hoy 119. Y antes la cantidad a nivel provincial eran 194 y salt\u00f3 a 261, tuvimos un incremento de 67 camas de alta complejidad\u201d.<\/p>\n<p>Sin embargo, advirti\u00f3 que \u201csi bien el sistema integrado en Paran\u00e1 y el Gran Paran\u00e1 sigue siendo continente para la densidad poblaci\u00f3n, el n\u00famero de casos que se presentan y las expectativas que tenemos con el crecimiento de casos positivos es muy preocupante\u201d.<\/p>\n<p>\u201cTenemos que tomar en cuenta que las camas de alta complejidad se ocupan en un promedio de cada 100 casos positivos, entre 20 y 15 personas que van a requerir ese tipo de cuidados\u201d, acot\u00f3 y agreg\u00f3 que \u201csi estamos hoy hablando que las camas totales son 119 y hay 78 ocupadas, el n\u00famero de positivos si sigue a este ritmo va a ser muy dif\u00edcil de sobrellavar\u201d.<\/p>\n<p>\u201cPor suerte los equipos que hoy est\u00e1n llevando adelante el manejo de las terapias intensivas y de las camas de menor complejidad tienen un entrenamiento muy alto, lo que nos ha permitido este concepto de aplanamiento de curva en todos estos meses en los cuales ya venimos trabajando en la pandemia. Tienen una agilidad tremenda y el desarrollo que vienen haciendo en el Hospital San Martin y De la Baxada, por ejemplo, es un girocama muy \u00e1gil lo que nos permite esta administraci\u00f3n efectiva de las camas de terapia intensiva\u201d.<\/p>\n<p>P\u00e1rrafo aparte dedic\u00f3 a lo que, ante una consulta period\u00edstica puntal, llam\u00f3 datos alentadores: &#8220;Como equipo de Salud tienen que ver con las comparativas fundamentalmente. A la hora de pensar en una pandemia, uno sabe que en uno u otro momento llegar\u00e1 a la poblaci\u00f3n que est\u00e1 a cargo de uno. Si bien todos hubi\u00e9ramos preferido que eso no exista en Argentina, en Entre R\u00edos, sab\u00edamos desde hace much\u00edsimos meses que esto llegar\u00eda, y al comparar las estrategias con las cuales uno ha podido afrontar la pandemia a nivel pa\u00eds, si nos comparamos con pa\u00edses cercanos de la regi\u00f3n, nuestros vecinos de Chile y Brasil, realmente las estad\u00edsticas y los n\u00famero juegan a favor de lo que ha decidido y tomado la Argentina&#8221;, explic\u00f3 y dijo que \u201cel hecho de la que la curva no haya crecido de manera exponencial hasta estos meses fue por el trabajo mancomunado de todas las fuerzas del Estado\u201d.<\/p>\n<p>Otro dato que consider\u00f3 como positivo es \u201cla sensibilizaci\u00f3n de la poblaci\u00f3n, la educaci\u00f3n en los modos de prevenci\u00f3n, haber desarrollado modos de comunicaci\u00f3n con la sociedad y las v\u00edas de contacto, eso se ha estrechado much\u00edsimo. Es una capacidad que se ha desarrollado y aspiramos a que quede instalada\u201d, remarc\u00f3 Berbara<\/p>\n<p>&nbsp;<\/p>\n<p><strong>Bajar el n\u00famero de contagios<\/strong><\/p>\n<p>En relaci\u00f3n a la movilidad de las personas, dijo que con la decisi\u00f3n de volver a la fase tres se busc\u00f3 \u201coxigenar un poco el sistema\u201d y bajar el nivel de contagio en las ciudades de Paran\u00e1 y Gualeguaych\u00fa.<\/p>\n<p>\u201cLa expectativa est\u00e1 puesta que con esta disminuci\u00f3n de la movilidad disminuyan los contagios y se pueda tener menor cantidad de casos positivos diarios en la provincia y en las dos ciudades en donde los n\u00fameros vienen siendo preocupantes&#8221;, explic\u00f3.<\/p>\n<p>Respecto a la efectividad que tendr\u00e1 para esto el volver a fase 3 para disminuir la curva, dijo que &#8220;las expectativas y la solicitud que elev\u00f3 el Ministerio de Salud ten\u00eda que ver con la imperiosa necesidad de disminuir la circulaci\u00f3n de las personas; y los resultados de cada una de las estrategias lamentablemente se ven posdatadas, o sea dentro de 15 d\u00edas quiz\u00e1s se podr\u00e1 saber con certeza&#8221;.<\/p>\n<p>&#8220;Reconocemos la tremenda dificultad que implica para una sociedad disminuir su circulaci\u00f3n, sacrificios econ\u00f3micos y en muchos emprendimientos laborales; vivimos esto en carne propia y esto de la fase conlleva todo un desaf\u00edo&#8221;, indic\u00f3.<\/p>\n<p>&nbsp;<\/p>\n<p><strong>Testeos<\/strong><\/p>\n<p>Por otro lado, se refiri\u00f3 al n\u00famero de testeos, y coment\u00f3: &#8220;Las estrategias de testeos son una de las tantas para afrontar la pandemia. No es la \u00fanica, indispensable y cr\u00edtica, es una de las tantas. La medici\u00f3n del d\u00eda a d\u00eda en este punto quiz\u00e1s escapa a los analistas epidemi\u00f3logos. Ellos prefieren hacer el estudio semanal, cada diez d\u00edas o mensual, y con eso pueden sacar conclusiones mucho m\u00e1s contundentes acerca de c\u00f3mo nos est\u00e1 yendo con la enfermedad\u201d.<\/p>\n<p>\u201cLa cantidad de testeos se promueve seg\u00fan la estrategia epidemiol\u00f3gica de cada una de esas etapas. Tambi\u00e9n eso tiene que ver con la capacidad misma del sistema. En un principio, hubo una innumerable cantidad de hisopados que daban negativo. Es decir, el sistema promov\u00eda hisopados por dem\u00e1s, y en momentos en los cuales la instancia de contagiosidad se torna cr\u00edtica, como las alertas que se vienen manifestado en el sistema de salud, l\u00f3gicamente la gran cantidad de los hisopados ser\u00e1n positivos&#8221;.<\/p>\n<p>Berbara se\u00f1al\u00f3 que &#8220;si nos comparamos con pa\u00edses cercanos de la regi\u00f3n, nuestros vecinos de Chile y Brasil, las estad\u00edsticas y los n\u00fameros juegan a favor de la estrategia que ha tomado y decidido la Argentina&#8221;.<\/p>\n","protected":false},"excerpt":{"rendered":"<p>El funcionario del \u00e1rea de Salud, Carlos Berbara, se refiri\u00f3 a la situaci\u00f3n actual respecto a la pandemia. \u201cSi bien el sistema integrado en Paran\u00e1 y el Gran Paran\u00e1 sigue siendo continente para la densidad poblaci\u00f3n, el n\u00famero de casos que se presentan y las expectativas que tenemos con el crecimiento de casos positivos es muy preocupante\u201d, advirti\u00f3. Dijo que es urgente disminuir la circulaci\u00f3n de personas y el n\u00famero de contagios &nbsp; &nbsp; Berbara, quien fue transferido de la Direcci\u00f3n General de Salud Mental a la Direcci\u00f3n General de&#8230;<\/p>\n","protected":false},"author":3,"featured_media":63183,"comment_status":"closed","ping_status":"closed","sticky":false,"template":"","format":"standard","meta":[],"categories":[15],"tags":[],"_links":{"self":[{"href":"https:\/\/www.actualidadadiario.com\/index.php\/wp-json\/wp\/v2\/posts\/66472"}],"collection":[{"href":"https:\/\/www.actualidadadiario.com\/index.php\/wp-json\/wp\/v2\/posts"}],"about":[{"href":"https:\/\/www.actualidadadiario.com\/index.php\/wp-json\/wp\/v2\/types\/post"}],"author":[{"embeddable":true,"href":"https:\/\/www.actualidadadiario.com\/index.php\/wp-json\/wp\/v2\/users\/3"}],"replies":[{"embeddable":true,"href":"https:\/\/www.actualidadadiario.com\/index.php\/wp-json\/wp\/v2\/comments?post=66472"}],"version-history":[{"count":1,"href":"https:\/\/www.actualidadadiario.com\/index.php\/wp-json\/wp\/v2\/posts\/66472\/revisions"}],"predecessor-version":[{"id":66473,"href":"https:\/\/www.actualidadadiario.com\/index.php\/wp-json\/wp\/v2\/posts\/66472\/revisions\/66473"}],"wp:featuredmedia":[{"embeddable":true,"href":"https:\/\/www.actualidadadiario.com\/index.php\/wp-json\/wp\/v2\/media\/63183"}],"wp:attachment":[{"href":"https:\/\/www.actualidadadiario.com\/index.php\/wp-json\/wp\/v2\/media?parent=66472"}],"wp:term":[{"taxonomy":"category","embeddable":true,"href":"https:\/\/www.actualidadadiario.com\/index.php\/wp-json\/wp\/v2\/categories?post=66472"},{"taxonomy":"post_tag","embeddable":true,"href":"https:\/\/www.actualidadadiario.com\/index.php\/wp-json\/wp\/v2\/tags?post=66472"}],"curies":[{"name":"wp","href":"https:\/\/api.w.org\/{rel}","templated":true}]}}