{"id":66470,"date":"2020-09-03T12:30:38","date_gmt":"2020-09-03T15:30:38","guid":{"rendered":"https:\/\/www.actualidadadiario.com\/?p=66470"},"modified":"2020-09-03T12:30:38","modified_gmt":"2020-09-03T15:30:38","slug":"bordet-tomamos-decisiones-pensando-en-la-vida-y-la-salud","status":"publish","type":"post","link":"https:\/\/www.actualidadadiario.com\/index.php\/2020\/09\/03\/bordet-tomamos-decisiones-pensando-en-la-vida-y-la-salud\/","title":{"rendered":"Bordet: \u201cTomamos decisiones pensando en la vida y la salud\u201d"},"content":{"rendered":"<p style=\"text-align: center;\"><em><strong>\u201cComo gobernantes debemos tomar decisiones, y las que se han tomado junto al gobierno nacional y los municipios, no son caprichosas porque necesitamos reducir la circulaci\u00f3n del virus&#8221;, afirm\u00f3 el mandatario<\/strong><\/em><\/p>\n<p>&nbsp;<\/p>\n<p>&nbsp;<\/p>\n<p>&#8220;Entendemos la situaci\u00f3n por la que est\u00e1n atravesando muchos sectores, pero no tomamos medidas caprichosas, sino pensando en la vida y la salud\u201d, expres\u00f3 hoy el gobernador Gustavo Bordet.<\/p>\n<p>\u201cSon 14 d\u00edas en Paran\u00e1 y Gualeguaych\u00fa para algunos sectores, les pido ese esfuerzo y ese sacrificio, y entiendo perfectamente la situaci\u00f3n por la cual est\u00e1n atravesando, pero vamos a estar trabajando coordinadamente junto al sector privado como lo hemos hecho en todo este tiempo\u201d, remarc\u00f3.<\/p>\n<p>Seguidamente, el mandatario aclar\u00f3 que \u201cnos duele mucho tener que retroceder de fase, pero tambi\u00e9n mucho m\u00e1s nos duele la vida que se pierden si colapsa el sistema de salud, a pesar de haber duplicado la capacidad sanitaria. Entonces, siempre priorizamos la salud de las personas.<\/p>\n<p>De lo econ\u00f3mico uno puede reponerse, de la salud cr\u00e9ame que no\u201d.<\/p>\n<p>En di\u00e1logo con algunas emisoras de radio, desde su casa donde cumple el aislamiento por ser positivo de Covid, el gobernador Gustavo Bordet asegur\u00f3 que, en la pospandemia, los gobiernos nacional, provincial y municipales, acompa\u00f1ar\u00e1n la recuperaci\u00f3n de las actividades de la provincia que fueron m\u00e1s golpeadas, como la tur\u00edstica, hotelera y gastron\u00f3mica, y hoy lo hacen desde la emergencia. Dijo que en breve la Naci\u00f3n estar\u00e1 anunciando 60 medidas al respecto.<\/p>\n<p>\u201cHay actividades en la provincia que han sido las m\u00e1s castigadas y golpeadas. Para eso hoy estamos pensando ya en una pospandemia. Cuando se puedan ir habilitando las actividades existir\u00e1 un acompa\u00f1amiento del Estado nacional, provincial y municipales para entre todos recuperar los indicadores econ\u00f3micos que ten\u00edamos antes de la pandemia\u201d, sostuvo el primer mandatario entrerriano.<\/p>\n<p>Y remarc\u00f3: \u201cEste es un compromiso que tenemos que asumirlo fuertemente porque de ello depende tambi\u00e9n el desarrollo de la provincia y la supervivencia de muchas familias\u201d.<\/p>\n<p>Dijo adem\u00e1s que la econom\u00eda en la provincia de Entre R\u00edos hoy est\u00e1 funcionando, con excepci\u00f3n de algunos rubros. \u201cLas econom\u00edas regionales est\u00e1n funcionando muy bien. Entre R\u00edos es una provincia que produce alimentos y eso no se ha detenido durante la pandemia\u201d, afirm\u00f3 el gobernador.<\/p>\n<p>Apunt\u00f3: \u201cVemos estos indicadores como muy positivos y esperanzadores para que, cuando se salga de la pandemia, podamos estar r\u00e1pidamente abasteciendo a distintos pa\u00edses del mundo que necesitar\u00e1n alimentos. Este es un gran desaf\u00edo\u201d.<\/p>\n<p>\u201cHe estado reunido con muchos productores y representantes de c\u00e1mara, y con el Consejo Agropecuario Nacional que nuclea 44 c\u00e1maras productivas, muchas de ellas que tienen incidencia importante en Entre R\u00edos, como la industria c\u00e1rnica, tanto ovinas, bovinas, porcina, aviar, bolsa de granos, de comercio, sector foresto industrial, arandanero, citr\u00edcola, ap\u00edcola, y estamos en contacto para poder generar un desarrollo post pandemia\u201d, indic\u00f3.<\/p>\n<p>Con respecto al turismo, estim\u00f3 que cuando se abra la actividad ser\u00e1 muy dif\u00edcil que la gente viaje al exterior \u201cpor m\u00faltiples razones\u201d, y dijo que por ello habr\u00e1 mucho turismo interno para lo cual habr\u00e1 que estar preparados.<\/p>\n<p>\u201cPara esto, el gobierno nacional est\u00e1 anunciado 60 medidas pospandemia que oportunamente el Presidente las dar\u00e1 a conocer. Es el desaf\u00edo doble que tenemos es, c\u00f3mo mitigar los efectos de la pandemia ahora, y pensar c\u00f3mo ponemos en funcionamiento pleno en la provincia en la pospandemia\u201d.<\/p>\n<p>&nbsp;<\/p>\n<p><strong>Reconocimiento a industriales<\/strong><\/p>\n<p>En el D\u00eda de la Industria, el gobernador hizo un reconocimiento a los industriales entrerrianos. \u201cMuchas de esas empresas son familiares que ponen todo lo mejor para generar el desarrollo econ\u00f3mico y empleo en Entre R\u00edos. Forma parte de este compromiso que hemos realizado con el sector privado desde el comienzo de gesti\u00f3n, de trabajar en conjunto el sector p\u00fablico y privado, porque lo que importa es el desarrollo de la provincia y de las familias que viven dentro de nuestro territorio\u201d, expres\u00f3 el mandatario.<\/p>\n","protected":false},"excerpt":{"rendered":"<p>\u201cComo gobernantes debemos tomar decisiones, y las que se han tomado junto al gobierno nacional y los municipios, no son caprichosas porque necesitamos reducir la circulaci\u00f3n del virus&#8221;, afirm\u00f3 el mandatario &nbsp; &nbsp; &#8220;Entendemos la situaci\u00f3n por la que est\u00e1n atravesando muchos sectores, pero no tomamos medidas caprichosas, sino pensando en la vida y la salud\u201d, expres\u00f3 hoy el gobernador Gustavo Bordet. \u201cSon 14 d\u00edas en Paran\u00e1 y Gualeguaych\u00fa para algunos sectores, les pido ese esfuerzo y ese sacrificio, y entiendo perfectamente la situaci\u00f3n por la cual est\u00e1n atravesando, pero&#8230;<\/p>\n","protected":false},"author":3,"featured_media":66258,"comment_status":"closed","ping_status":"closed","sticky":false,"template":"","format":"standard","meta":[],"categories":[9,15],"tags":[],"_links":{"self":[{"href":"https:\/\/www.actualidadadiario.com\/index.php\/wp-json\/wp\/v2\/posts\/66470"}],"collection":[{"href":"https:\/\/www.actualidadadiario.com\/index.php\/wp-json\/wp\/v2\/posts"}],"about":[{"href":"https:\/\/www.actualidadadiario.com\/index.php\/wp-json\/wp\/v2\/types\/post"}],"author":[{"embeddable":true,"href":"https:\/\/www.actualidadadiario.com\/index.php\/wp-json\/wp\/v2\/users\/3"}],"replies":[{"embeddable":true,"href":"https:\/\/www.actualidadadiario.com\/index.php\/wp-json\/wp\/v2\/comments?post=66470"}],"version-history":[{"count":1,"href":"https:\/\/www.actualidadadiario.com\/index.php\/wp-json\/wp\/v2\/posts\/66470\/revisions"}],"predecessor-version":[{"id":66471,"href":"https:\/\/www.actualidadadiario.com\/index.php\/wp-json\/wp\/v2\/posts\/66470\/revisions\/66471"}],"wp:featuredmedia":[{"embeddable":true,"href":"https:\/\/www.actualidadadiario.com\/index.php\/wp-json\/wp\/v2\/media\/66258"}],"wp:attachment":[{"href":"https:\/\/www.actualidadadiario.com\/index.php\/wp-json\/wp\/v2\/media?parent=66470"}],"wp:term":[{"taxonomy":"category","embeddable":true,"href":"https:\/\/www.actualidadadiario.com\/index.php\/wp-json\/wp\/v2\/categories?post=66470"},{"taxonomy":"post_tag","embeddable":true,"href":"https:\/\/www.actualidadadiario.com\/index.php\/wp-json\/wp\/v2\/tags?post=66470"}],"curies":[{"name":"wp","href":"https:\/\/api.w.org\/{rel}","templated":true}]}}