{"id":66464,"date":"2020-09-02T15:28:50","date_gmt":"2020-09-02T18:28:50","guid":{"rendered":"https:\/\/www.actualidadadiario.com\/?p=66464"},"modified":"2020-09-02T15:28:50","modified_gmt":"2020-09-02T18:28:50","slug":"campana-alerta-sobre-el-aumento-de-la-violencia-en-el-hogar-contra-ninas-y-ninos-durante-el-aislamiento","status":"publish","type":"post","link":"https:\/\/www.actualidadadiario.com\/index.php\/2020\/09\/02\/campana-alerta-sobre-el-aumento-de-la-violencia-en-el-hogar-contra-ninas-y-ninos-durante-el-aislamiento\/","title":{"rendered":"Campa\u00f1a alerta sobre el aumento de la violencia en el hogar contra ni\u00f1as y ni\u00f1os durante el aislamiento"},"content":{"rendered":"<p style=\"text-align: center;\"><em><strong>UNICEF, organismos nacionales y organizaciones de la sociedad civil lanzaron la campa\u00f1a &#8220;De los chicos y las chicas #SomosResponsables&#8221;. Seg\u00fan Ministerio de Justicia y Derechos Humanos los llamados a la l\u00ednea 137 por violencias intrafamiliares y\/o sexuales aumentaron 23% en la cuarentena<\/strong><\/em><\/p>\n<p>&nbsp;<\/p>\n<p>&nbsp;<\/p>\n<p>UNICEF, organismos nacionales y organizaciones de la sociedad civil lanzaron hoy la campa\u00f1a&#8221; De los chicos y las chicas #SomosResponsables&#8221; para alertar sobre el aumento de la violencia en el hogar contra las ni\u00f1as y ni\u00f1os que seg\u00fan datos oficiales se increment\u00f3 durante el aislamiento social dispuesto por el coronavirus, instando a las personas adultas a involucrarse en la protecci\u00f3n de la ni\u00f1ez.<\/p>\n<p>Las estad\u00edsticas del Ministerio de Justicia y Derechos Humanos de la Naci\u00f3n indicaron que los llamados a la l\u00ednea 137 por violencias intrafamiliares y\/o sexuales aumentaron 23% en la cuarentena, respecto al mismo per\u00edodo de 2019. De ese total, un 28% correspondi\u00f3 a violencia familiar y un 13% a violencia sexual.<\/p>\n<p>En tanto, la cantidad de chicos y chicas violentados en el entorno digital (lo que incluye principalmente grooming y utilizaci\u00f3n de im\u00e1genes en pornograf\u00eda) aument\u00f3 un 267% en el mismo lapso.<\/p>\n<p>Ante esta realidad, el objetivo de la campa\u00f1a que incluye a 12 instituciones es &#8220;concientizar, prevenir, detectar y contrarrestar todo tipo de violencias contra los ni\u00f1os, ni\u00f1as y adolescentes&#8221;, dijo Marcela Losardo, ministra de Justicia, de quien depende la l\u00ednea 137.<\/p>\n<p>En un documento elaborado por quienes impulsan la acci\u00f3n, se destac\u00f3 que la interrupci\u00f3n de clases presenciales y de actividades deportivas y sociales &#8220;no s\u00f3lo impacta en la salud emocional y f\u00edsica&#8221; de los chicos. &#8220;La falta de contacto y de vinculaci\u00f3n con sus pares y adultos de referencia (familiares, docentes y profesionales de la salud, entre otros) dificulta los pedidos de ayuda que los propios ni\u00f1os y ni\u00f1as puedan hacer, o la intervenci\u00f3n de personas cercanas que puedan detectar situaciones de maltrato y requerir asistencia del Estado&#8221;, especificaron.<\/p>\n<p>Nora Schulman, titular del Comit\u00e9 de Seguimiento y Aplicaci\u00f3n de la Convenci\u00f3n de los Derechos del Ni\u00f1o (Casacidn), valor\u00f3 que la campa\u00f1a &#8220;est\u00e9 dirigida principalmente a los adultos y que tenga alcance nacional&#8221;.<\/p>\n<p>Especialistas que participaron de esta iniciativa alertaron que &#8220;muchos casos de violencia no son identificados ni puestos en conocimiento ante las autoridades&#8221; lo que impide que ni\u00f1os y ni\u00f1as reciban asistencia, tratamiento, protecci\u00f3n y accedan a la justicia, inform\u00f3 UNICEF.<\/p>\n<p>La campa\u00f1a se compone de un conjunto de piezas audiovisuales que emulan el formato de los anuncios presidenciales durante el aislamiento social.<\/p>\n<p>&#8220;El hogar donde vivimos deber\u00eda ser el m\u00e1s seguro, protegernos es su responsabilidad&#8221;, dice un ni\u00f1o protagonista de uno de los spots que se destacan por incorporar la diversidad de infancias que hay en el pa\u00eds, que les hablan a quienes deben ser responsables de protegerlos: las personas adultas y el Estado.<\/p>\n<p>Advierten que la violencia y el maltrato muchas veces &#8220;es un problema invisible&#8221; en la sociedad, que exist\u00eda antes de la pandemia y que el riesgo de sufrirla se incrementa con las medidas de aislamiento social.<\/p>\n<p>Seg\u00fan datos de UNICEF, antes de la crisis por el coronavirus en el 70% de los hogares del pa\u00eds las ni\u00f1as y los ni\u00f1os se ve\u00edan expuestos a situaciones de violencia asociadas a m\u00e9todos de crianza como gritos, insultos, zamarreos o golpes. En el 40% de los hogares se utiliza violencia f\u00edsica y en el 10% castigo f\u00edsico severo.<\/p>\n<p>&#8220;Las violencias contra la ni\u00f1ez siguen increment\u00e1ndose anualmente con consecuencias que permanecer\u00e1n en la vida adulta&#8221;, resalt\u00f3 la ministra de Justicia.<\/p>\n<p>Losardo record\u00f3 que &#8220;desde hace m\u00e1s de 12 a\u00f1os&#8221; el Ministerio, a trav\u00e9s del Programa Las V\u00edctimas contra las Violencias &#8220;trabaja en la atenci\u00f3n integral de v\u00edctimas de violencia familiar y abuso sexual, con la intervenci\u00f3n de profesionales especializados en esta problem\u00e1tica&#8221;.<\/p>\n<p>&#8220;La l\u00ednea nacional y gratuita 137 funciona todos los d\u00edas y durante las 24 horas y los operadores contienen, orientan y asisten a las v\u00edctimas, articulando a la vez con equipos m\u00f3viles para intervenir personalmente en situaciones de riesgo&#8221;, resalt\u00f3 Losardo.<\/p>\n<p>Este servicio tambi\u00e9n incorpor\u00f3 la l\u00ednea de WhatsApp +549113133-1000.<\/p>\n<p>Otro recurso que promociona la campa\u00f1a es la web www.argentina.gob.ar\/linea102, que informa sobre las l\u00edneas telef\u00f3nicas provinciales de atenci\u00f3n especializada sobre los derechos de ni\u00f1as, ni\u00f1os y adolescentes.<\/p>\n<p>&#8220;Hay que viralizar estas l\u00edneas de comunicaci\u00f3n. Tanto desde el Estado, como as\u00ed tambi\u00e9n las organizaciones que estamos involucradas, articulamos para que ante la sospecha de alg\u00fan tipo de violencia, maltrato o abuso la persona sepa d\u00f3nde recurrir y ayudar a ni\u00f1as y ni\u00f1os a salir de esta situaci\u00f3n&#8221;, se\u00f1al\u00f3 Schulman.<\/p>\n<p>Adem\u00e1s de UNICEF, el Ministerio de Justicia y Casaci\u00f3n, la iniciativa interinstitucional incluy\u00f3 a la Secretar\u00eda Nacional de Ni\u00f1ez, Adolescencia y Familia, y a las carteras de Desarrollo Social y Educaci\u00f3n. Tambi\u00e9n a la Secretar\u00eda de Derechos Humanos de la Naci\u00f3n, a la Defensora de los Derechos de las Ni\u00f1as, Ni\u00f1os y Adolescentes, a la Defensor\u00eda del Pueblo de la Ciudad de Buenos Aires y a la Comisi\u00f3n de Familia, Ni\u00f1ez y Juventudes de la C\u00e1mara de Diputados. Se sumaron asimismo la Fundaci\u00f3n Red por la Infancia, el Colectivo de Derechos de Infancia y Adolescencia e Infancia en Deuda.<\/p>\n<p>&nbsp;<\/p>\n<p>*L\u00ednea nacional 137 para pedir asistencia y asesoramiento sobre situaciones de violencia familiar y\/o sexual y por Whatsapp +5491131331000.<\/p>\n","protected":false},"excerpt":{"rendered":"<p>UNICEF, organismos nacionales y organizaciones de la sociedad civil lanzaron la campa\u00f1a &#8220;De los chicos y las chicas #SomosResponsables&#8221;. Seg\u00fan Ministerio de Justicia y Derechos Humanos los llamados a la l\u00ednea 137 por violencias intrafamiliares y\/o sexuales aumentaron 23% en la cuarentena &nbsp; &nbsp; UNICEF, organismos nacionales y organizaciones de la sociedad civil lanzaron hoy la campa\u00f1a&#8221; De los chicos y las chicas #SomosResponsables&#8221; para alertar sobre el aumento de la violencia en el hogar contra las ni\u00f1as y ni\u00f1os que seg\u00fan datos oficiales se increment\u00f3 durante el aislamiento social&#8230;<\/p>\n","protected":false},"author":3,"featured_media":66465,"comment_status":"closed","ping_status":"closed","sticky":false,"template":"","format":"standard","meta":[],"categories":[4],"tags":[],"_links":{"self":[{"href":"https:\/\/www.actualidadadiario.com\/index.php\/wp-json\/wp\/v2\/posts\/66464"}],"collection":[{"href":"https:\/\/www.actualidadadiario.com\/index.php\/wp-json\/wp\/v2\/posts"}],"about":[{"href":"https:\/\/www.actualidadadiario.com\/index.php\/wp-json\/wp\/v2\/types\/post"}],"author":[{"embeddable":true,"href":"https:\/\/www.actualidadadiario.com\/index.php\/wp-json\/wp\/v2\/users\/3"}],"replies":[{"embeddable":true,"href":"https:\/\/www.actualidadadiario.com\/index.php\/wp-json\/wp\/v2\/comments?post=66464"}],"version-history":[{"count":1,"href":"https:\/\/www.actualidadadiario.com\/index.php\/wp-json\/wp\/v2\/posts\/66464\/revisions"}],"predecessor-version":[{"id":66466,"href":"https:\/\/www.actualidadadiario.com\/index.php\/wp-json\/wp\/v2\/posts\/66464\/revisions\/66466"}],"wp:featuredmedia":[{"embeddable":true,"href":"https:\/\/www.actualidadadiario.com\/index.php\/wp-json\/wp\/v2\/media\/66465"}],"wp:attachment":[{"href":"https:\/\/www.actualidadadiario.com\/index.php\/wp-json\/wp\/v2\/media?parent=66464"}],"wp:term":[{"taxonomy":"category","embeddable":true,"href":"https:\/\/www.actualidadadiario.com\/index.php\/wp-json\/wp\/v2\/categories?post=66464"},{"taxonomy":"post_tag","embeddable":true,"href":"https:\/\/www.actualidadadiario.com\/index.php\/wp-json\/wp\/v2\/tags?post=66464"}],"curies":[{"name":"wp","href":"https:\/\/api.w.org\/{rel}","templated":true}]}}