{"id":66461,"date":"2020-09-02T15:28:03","date_gmt":"2020-09-02T18:28:03","guid":{"rendered":"https:\/\/www.actualidadadiario.com\/?p=66461"},"modified":"2020-09-02T15:28:03","modified_gmt":"2020-09-02T18:28:03","slug":"el-curioso-caso-de-la-mujer-que-tuvo-coronavirus-por-cinco-meses","status":"publish","type":"post","link":"https:\/\/www.actualidadadiario.com\/index.php\/2020\/09\/02\/el-curioso-caso-de-la-mujer-que-tuvo-coronavirus-por-cinco-meses\/","title":{"rendered":"El curioso caso de la mujer que tuvo coronavirus por cinco meses"},"content":{"rendered":"<p style=\"text-align: center;\"><em><strong>Se registr\u00f3 que una paciente en Brasil tuvo consigo el virus Sars-CoV-2 que transmite el coronavirus, por un periodo de cinco meses. Ese monto de tiempo la transform\u00f3 en la persona que m\u00e1s tiempo pas\u00f3 con presencia del virus dentro del cuerpo, siendo asintom\u00e1tica. La enfermedad no la afect\u00f3, seg\u00fan indic\u00f3 este martes a trav\u00e9s de un estudio la Universidad Federal de R\u00edo de Janeiro (UFRJ)<\/strong><\/em><\/p>\n<p>&nbsp;<\/p>\n<p>La paciente, una mujer no fue identificada, trabaja como profesional dentro del \u00e1rea de salud en R\u00edo de Janeiro, ciudad costera brasile\u00f1a. Ella comenz\u00f3 a sentir s\u00edntomas muy leves que suelen asociarse con el coronavirus. La mujer permaneci\u00f3 desde marzo, por recomendaci\u00f3n m\u00e9dica, en cuarentena y tras ese periodo, volvi\u00f3 a sus actividades pasando los 152 d\u00edas completamente asintom\u00e1tica.<\/p>\n<p>El estudio de la UFRJ fue publicado por hoy el diario de Brasil, O Globo, la mujer explic\u00f3 no tuvo reincidencia pero permaneci\u00f3 con el virus por cinco meses, lo que hace que sea el caso de mayor persistencia de la enfermedad. El trabajo realizado por las investigadoras y profesores de la facultad brasile\u00f1a de Medicina remarcaron que el resultado que las personas asintom\u00e1ticas son \u00ablos pilares de la diseminaci\u00f3n\u00bb del virus.<\/p>\n<p>La investigaci\u00f3n, que realiz\u00f3 pruebas en 3.000 personas, incluye a m\u00e1s pacientes, muchos profesionales de salud. La mayor\u00eda de los que nunca sintieron s\u00edntomas, portaron el virus activo por d\u00edas o semanas. En esa l\u00ednea, 50 positivo de Covid-19 lograron recuperarse y volvieron a realizarse el test cl\u00ednico. En un 15 por ciento de esos casos se detect\u00f3 que continuaban con el virus activo.<\/p>\n<p>El estudio remarc\u00f3 que en el 40 por ciento de los casos, despu\u00e9s de los 14 d\u00edas de cuarentena recomendados a nivel mundial, los pacientes podr\u00edan seguir dando un resultado positivo, pero el virus ya no tendr\u00eda la capacidad de transmisi\u00f3n, a pesar estar en el cuerpo. Los estudios apuntan a determinar si el 35 por ciento de los pacientes que portaban el virus inactivo consiguieron desarrollar anticuerpos.<\/p>\n","protected":false},"excerpt":{"rendered":"<p>Se registr\u00f3 que una paciente en Brasil tuvo consigo el virus Sars-CoV-2 que transmite el coronavirus, por un periodo de cinco meses. Ese monto de tiempo la transform\u00f3 en la persona que m\u00e1s tiempo pas\u00f3 con presencia del virus dentro del cuerpo, siendo asintom\u00e1tica. La enfermedad no la afect\u00f3, seg\u00fan indic\u00f3 este martes a trav\u00e9s de un estudio la Universidad Federal de R\u00edo de Janeiro (UFRJ) &nbsp; La paciente, una mujer no fue identificada, trabaja como profesional dentro del \u00e1rea de salud en R\u00edo de Janeiro, ciudad costera brasile\u00f1a. Ella&#8230;<\/p>\n","protected":false},"author":3,"featured_media":66462,"comment_status":"closed","ping_status":"closed","sticky":false,"template":"","format":"standard","meta":[],"categories":[4],"tags":[],"_links":{"self":[{"href":"https:\/\/www.actualidadadiario.com\/index.php\/wp-json\/wp\/v2\/posts\/66461"}],"collection":[{"href":"https:\/\/www.actualidadadiario.com\/index.php\/wp-json\/wp\/v2\/posts"}],"about":[{"href":"https:\/\/www.actualidadadiario.com\/index.php\/wp-json\/wp\/v2\/types\/post"}],"author":[{"embeddable":true,"href":"https:\/\/www.actualidadadiario.com\/index.php\/wp-json\/wp\/v2\/users\/3"}],"replies":[{"embeddable":true,"href":"https:\/\/www.actualidadadiario.com\/index.php\/wp-json\/wp\/v2\/comments?post=66461"}],"version-history":[{"count":1,"href":"https:\/\/www.actualidadadiario.com\/index.php\/wp-json\/wp\/v2\/posts\/66461\/revisions"}],"predecessor-version":[{"id":66463,"href":"https:\/\/www.actualidadadiario.com\/index.php\/wp-json\/wp\/v2\/posts\/66461\/revisions\/66463"}],"wp:featuredmedia":[{"embeddable":true,"href":"https:\/\/www.actualidadadiario.com\/index.php\/wp-json\/wp\/v2\/media\/66462"}],"wp:attachment":[{"href":"https:\/\/www.actualidadadiario.com\/index.php\/wp-json\/wp\/v2\/media?parent=66461"}],"wp:term":[{"taxonomy":"category","embeddable":true,"href":"https:\/\/www.actualidadadiario.com\/index.php\/wp-json\/wp\/v2\/categories?post=66461"},{"taxonomy":"post_tag","embeddable":true,"href":"https:\/\/www.actualidadadiario.com\/index.php\/wp-json\/wp\/v2\/tags?post=66461"}],"curies":[{"name":"wp","href":"https:\/\/api.w.org\/{rel}","templated":true}]}}