{"id":66459,"date":"2020-09-02T15:27:04","date_gmt":"2020-09-02T18:27:04","guid":{"rendered":"https:\/\/www.actualidadadiario.com\/?p=66459"},"modified":"2020-09-02T15:27:04","modified_gmt":"2020-09-02T18:27:04","slug":"uruguay-tuvo-la-mayor-cantidad-de-casos-nuevos-de-coronavirus-en-dos-semanas","status":"publish","type":"post","link":"https:\/\/www.actualidadadiario.com\/index.php\/2020\/09\/02\/uruguay-tuvo-la-mayor-cantidad-de-casos-nuevos-de-coronavirus-en-dos-semanas\/","title":{"rendered":"Uruguay tuvo la mayor cantidad de casos nuevos de coronavirus en dos semanas"},"content":{"rendered":"<p style=\"text-align: center;\"><em><strong>El pa\u00eds report\u00f3 16 nuevos casos de coronavirus, la mayor cantidad para un d\u00eda desde el 18 de agosto pasado, lo que volvi\u00f3 a interrumpir la hasta ahora sostenida ca\u00edda del n\u00famero de infectados activos<\/strong><\/em><\/p>\n<p>&nbsp;<\/p>\n<p>&nbsp;<\/p>\n<p>Uruguay, uno de los pa\u00edses menos afectados por el coronavirus, sumaba desde el comienzo de la pandemia 1.611 casos confirmados, 16 de los cuales fueron detectados en las \u00faltimas 24 horas, inform\u00f3 esta noche el Sistema Nacional de Emergencias (Sinae).<\/p>\n<p>De ellos, 148 personas manten\u00edan la infecci\u00f3n activa (seis m\u00e1s que ayer), de las cuales tres estaban internadas, todas en terapia intensiva, de acuerdo con el balance publicado en el sitio web del organismo.<\/p>\n<p>Asimismo, 44 personas fallecieron por la enfermedad (ninguna desde hace varios d\u00edas) y 1.419 ya se curaron tras haberse infectado (10 m\u00e1s que ayer).<\/p>\n<p>En ese contexto, un hombre de 73 a\u00f1os result\u00f3 el primer contagiado de coronavirus en Florida, el \u00fanico departamento uruguayo que no registraba ning\u00fan caso de la enfermedad desde el comienzo de la pandemia, inform\u00f3 la Direcci\u00f3n de Salud local, seg\u00fan el diario montevideano El Observador.<\/p>\n<p>Asimismo, en Montevideo se report\u00f3 la infecci\u00f3n de un alumno de sexto grado del colegio Stella Maris, de la congregaci\u00f3n cat\u00f3lica Christian Brothers, donde estudiaron -y a cuyo club de rugby pertenec\u00edan- los protagonistas de la recordada Tragedia de los Andes de 1972.<\/p>\n","protected":false},"excerpt":{"rendered":"<p>El pa\u00eds report\u00f3 16 nuevos casos de coronavirus, la mayor cantidad para un d\u00eda desde el 18 de agosto pasado, lo que volvi\u00f3 a interrumpir la hasta ahora sostenida ca\u00edda del n\u00famero de infectados activos &nbsp; &nbsp; Uruguay, uno de los pa\u00edses menos afectados por el coronavirus, sumaba desde el comienzo de la pandemia 1.611 casos confirmados, 16 de los cuales fueron detectados en las \u00faltimas 24 horas, inform\u00f3 esta noche el Sistema Nacional de Emergencias (Sinae). De ellos, 148 personas manten\u00edan la infecci\u00f3n activa (seis m\u00e1s que ayer), de&#8230;<\/p>\n","protected":false},"author":3,"featured_media":63256,"comment_status":"closed","ping_status":"closed","sticky":false,"template":"","format":"standard","meta":[],"categories":[4],"tags":[],"_links":{"self":[{"href":"https:\/\/www.actualidadadiario.com\/index.php\/wp-json\/wp\/v2\/posts\/66459"}],"collection":[{"href":"https:\/\/www.actualidadadiario.com\/index.php\/wp-json\/wp\/v2\/posts"}],"about":[{"href":"https:\/\/www.actualidadadiario.com\/index.php\/wp-json\/wp\/v2\/types\/post"}],"author":[{"embeddable":true,"href":"https:\/\/www.actualidadadiario.com\/index.php\/wp-json\/wp\/v2\/users\/3"}],"replies":[{"embeddable":true,"href":"https:\/\/www.actualidadadiario.com\/index.php\/wp-json\/wp\/v2\/comments?post=66459"}],"version-history":[{"count":1,"href":"https:\/\/www.actualidadadiario.com\/index.php\/wp-json\/wp\/v2\/posts\/66459\/revisions"}],"predecessor-version":[{"id":66460,"href":"https:\/\/www.actualidadadiario.com\/index.php\/wp-json\/wp\/v2\/posts\/66459\/revisions\/66460"}],"wp:featuredmedia":[{"embeddable":true,"href":"https:\/\/www.actualidadadiario.com\/index.php\/wp-json\/wp\/v2\/media\/63256"}],"wp:attachment":[{"href":"https:\/\/www.actualidadadiario.com\/index.php\/wp-json\/wp\/v2\/media?parent=66459"}],"wp:term":[{"taxonomy":"category","embeddable":true,"href":"https:\/\/www.actualidadadiario.com\/index.php\/wp-json\/wp\/v2\/categories?post=66459"},{"taxonomy":"post_tag","embeddable":true,"href":"https:\/\/www.actualidadadiario.com\/index.php\/wp-json\/wp\/v2\/tags?post=66459"}],"curies":[{"name":"wp","href":"https:\/\/api.w.org\/{rel}","templated":true}]}}