{"id":66453,"date":"2020-09-02T15:24:48","date_gmt":"2020-09-02T18:24:48","guid":{"rendered":"https:\/\/www.actualidadadiario.com\/?p=66453"},"modified":"2020-09-02T15:24:48","modified_gmt":"2020-09-02T18:24:48","slug":"espana-afronta-la-vuelta-a-clase-con-mas-de-ocho-mil-contagios-diarios","status":"publish","type":"post","link":"https:\/\/www.actualidadadiario.com\/index.php\/2020\/09\/02\/espana-afronta-la-vuelta-a-clase-con-mas-de-ocho-mil-contagios-diarios\/","title":{"rendered":"Espa\u00f1a afronta la vuelta a clase con m\u00e1s de ocho mil contagios diarios"},"content":{"rendered":"<p style=\"text-align: center;\"><em><strong>El n\u00famero de infecciones es similar al de los peores d\u00edas de la pandemia, pero la cifra de hospitalizados y muertes se mantiene controlada<\/strong><\/em><\/p>\n<p>&nbsp;<\/p>\n<p>&nbsp;<\/p>\n<p>Espa\u00f1a ha vuelto a las cifras de contagios del momento m\u00e1s \u00e1lgido de la pandemia. A una semana del inicio de las clases de primaria, que comienzan en la mayor\u00eda de las regiones el pr\u00f3ximo mi\u00e9rcoles 10 de septiembre, el n\u00famero de nuevos contagios se ha estabilizado en 8.000 diarios tras haber alcanzado los 9.700 el pasado 8 de agosto. Este martes reabrieron los jardines maternales.\u00a0 Se trata de un panorama m\u00e1s que preocupante, ya que las autoridades sanitarias hab\u00edan previsto este repunte para bien entrado el oto\u00f1o y no cuando al verano le quedan todav\u00eda tres semanas por delante.<\/p>\n<p>Las causas de este repunte son variadas y la primera hay que buscarla en el propio verano, donde se produjo una gran movilidad dentro del territorio con motivo de las vacaciones -pese a que casi no hubo turismo extranjero los espa\u00f1oles s\u00ed se desplazaron de unas provincias a otras- y la relajaci\u00f3n propia de la temporada estival.<\/p>\n<p>El Gobierno no resisti\u00f3 a la presi\u00f3n del potente sector tur\u00edstico espa\u00f1ol, uno de los principales del mundo, y cedi\u00f3 a autorizar eventos, como el ocio nocturno o los conciertos al aire libre, que despu\u00e9s y a la vista de los resultados se vio obligado a volver a restringir. Ya era demasiado tarde. Se demostr\u00f3 que la encrucijada entre preservar la salud y salvar lo que se pueda de la econom\u00eda, en un pa\u00eds donde el turismo genera m\u00e1s del 14 por ciento del Producto Interior Bruto, tiene dif\u00edcil soluci\u00f3n. El 29 de junio, a las puertas del verano, se hab\u00eda registrado el n\u00famero m\u00e1s bajo de infecciones, un total de 200, pero la curva comenz\u00f3 a dispararse apenas comenz\u00f3 la \u00e9poca de vacaciones.<\/p>\n<p>Sin embargo, aunque el panorama es peor que el que se esperaba tras seis meses de restricciones, dista de ser tan grave como en marzo o abril, cuando el n\u00famero diario de fallecidos lleg\u00f3 a superar los 900. Ahora est\u00e1 situada en torno a 120, una cantidad importante pero lejana a\u00fan de la alcanzada en el peor momento.<\/p>\n<p>Tampoco es comparable la presi\u00f3n sobre el sistema sanitario, estabilizada en 6.807 hospitalizados con una tasa de ocupaci\u00f3n del 6 por ciento para esta patolog\u00eda.<\/p>\n<p>Por este motivo, el ministro de Sanidad, Salvador Illa, ha descartado un nuevo confinamiento generalizado de la poblaci\u00f3n, ya que la situaci\u00f3n es muy diferente a la de marzo. Hay menos fallecidos, m\u00e1s de la mitad de las personas que se contagian son asintom\u00e1ticas y la edad media es m\u00e1s baja. En parte, el aumento del n\u00famero de contagios detectados se atribuye a que se est\u00e1n realizando m\u00e1s pruebas.<\/p>\n<p>Una de las situaciones que preocupa, a pocos d\u00edas del inicio de las clases, es la posibilidad de que se confundan los s\u00edntomas de la covid-19 con los de la gripe estacional. No obstante, se conf\u00eda en la experiencia de los pa\u00edses del Hemisferio Sur, donde la incidencia de la gripe ha sido menor a la de a\u00f1os anteriores debido al uso generalizado de barbijos y al cumplimiento de las medidas de higiene personal recomendado para combatir al coronavirus.<\/p>\n<p>Asimismo, Espa\u00f1a se ha integrado en la estrategia europea para hacer una compra conjunta de la vacuna que est\u00e1 desarrollando AstraZeneca y la Universidad de Oxford, la misma que se producir\u00e1 en Argentina y M\u00e9xico para Am\u00e9rica Latina. La semana pasada, Illa vaticin\u00f3 que las primeras dosis podr\u00edan comenzar a llegar a Espa\u00f1a a finales de este a\u00f1o.<\/p>\n<p>Mientras tanto, el Gobierno espa\u00f1ol ha desarrollado una aplicaci\u00f3n para tel\u00e9fonos celulares denominada Radar Covid que ya est\u00e1 operativa en cinco regiones y que permite rastrear los contactos de las personas que resulten contagiadas de modo de tener un control de posibles nuevas infecciones. El lanzamiento de esta aplicaci\u00f3n, que requiere para resultar \u00fatil que se la descarguen al menos diez millones de usuarios, estaba previsto para mediados de septiembre, pero se ha adelantado ante el aumento de casos.<\/p>\n","protected":false},"excerpt":{"rendered":"<p>El n\u00famero de infecciones es similar al de los peores d\u00edas de la pandemia, pero la cifra de hospitalizados y muertes se mantiene controlada &nbsp; &nbsp; Espa\u00f1a ha vuelto a las cifras de contagios del momento m\u00e1s \u00e1lgido de la pandemia. A una semana del inicio de las clases de primaria, que comienzan en la mayor\u00eda de las regiones el pr\u00f3ximo mi\u00e9rcoles 10 de septiembre, el n\u00famero de nuevos contagios se ha estabilizado en 8.000 diarios tras haber alcanzado los 9.700 el pasado 8 de agosto. Este martes reabrieron los&#8230;<\/p>\n","protected":false},"author":3,"featured_media":66454,"comment_status":"closed","ping_status":"closed","sticky":false,"template":"","format":"standard","meta":[],"categories":[4],"tags":[],"_links":{"self":[{"href":"https:\/\/www.actualidadadiario.com\/index.php\/wp-json\/wp\/v2\/posts\/66453"}],"collection":[{"href":"https:\/\/www.actualidadadiario.com\/index.php\/wp-json\/wp\/v2\/posts"}],"about":[{"href":"https:\/\/www.actualidadadiario.com\/index.php\/wp-json\/wp\/v2\/types\/post"}],"author":[{"embeddable":true,"href":"https:\/\/www.actualidadadiario.com\/index.php\/wp-json\/wp\/v2\/users\/3"}],"replies":[{"embeddable":true,"href":"https:\/\/www.actualidadadiario.com\/index.php\/wp-json\/wp\/v2\/comments?post=66453"}],"version-history":[{"count":1,"href":"https:\/\/www.actualidadadiario.com\/index.php\/wp-json\/wp\/v2\/posts\/66453\/revisions"}],"predecessor-version":[{"id":66455,"href":"https:\/\/www.actualidadadiario.com\/index.php\/wp-json\/wp\/v2\/posts\/66453\/revisions\/66455"}],"wp:featuredmedia":[{"embeddable":true,"href":"https:\/\/www.actualidadadiario.com\/index.php\/wp-json\/wp\/v2\/media\/66454"}],"wp:attachment":[{"href":"https:\/\/www.actualidadadiario.com\/index.php\/wp-json\/wp\/v2\/media?parent=66453"}],"wp:term":[{"taxonomy":"category","embeddable":true,"href":"https:\/\/www.actualidadadiario.com\/index.php\/wp-json\/wp\/v2\/categories?post=66453"},{"taxonomy":"post_tag","embeddable":true,"href":"https:\/\/www.actualidadadiario.com\/index.php\/wp-json\/wp\/v2\/tags?post=66453"}],"curies":[{"name":"wp","href":"https:\/\/api.w.org\/{rel}","templated":true}]}}