{"id":66450,"date":"2020-09-02T15:23:51","date_gmt":"2020-09-02T18:23:51","guid":{"rendered":"https:\/\/www.actualidadadiario.com\/?p=66450"},"modified":"2020-09-02T15:23:51","modified_gmt":"2020-09-02T18:23:51","slug":"el-senado-convoco-a-tratar-el-dnu-sobre-las-telecomunicaciones","status":"publish","type":"post","link":"https:\/\/www.actualidadadiario.com\/index.php\/2020\/09\/02\/el-senado-convoco-a-tratar-el-dnu-sobre-las-telecomunicaciones\/","title":{"rendered":"El Senado convoc\u00f3 a tratar el DNU sobre las telecomunicaciones"},"content":{"rendered":"<p style=\"text-align: center;\"><em><strong>La presidenta del C\u00e1mara alta, Cristina Kirchner, llam\u00f3 a sesi\u00f3n especial para este jueves a las 15:00 con un temario variado<\/strong><\/em><\/p>\n<p>&nbsp;<\/p>\n<p>El oficialismo en el Senado convoc\u00f3 hoy a una sesi\u00f3n para el pr\u00f3ximo jueves para tratar una serie de temas entre los que se encuentra el decreto que congel\u00f3 las tarifas de telefon\u00eda m\u00f3vil, internet y televisi\u00f3n por cable.<\/p>\n<p>La presidenta del Senado, Cristina Kirchner, llam\u00f3 a sesi\u00f3n especial para las 15:00 con un temario variado, en el que se encuentra el proyecto presentado por el Gobierno en febrero pasado sobre capitales alternas y uno de varios senadores sobre ciberacoso contra ni\u00f1os.<\/p>\n<p>Tambi\u00e9n se incluyeron en el temario los dict\u00e1menes de la Comisi\u00f3n Bicameral de Tr\u00e1mite Legislativo que se pronuncia sobre la validez de los decretos de necesidad y urgencia (DNU), entre los cuales se destaca el que declar\u00f3 &#8220;servicios esenciales&#8221; a las telecomunicaciones.<\/p>\n<p>El DNU 690\/2020 firmado por el presidente Alberto Fern\u00e1ndez obtuvo dictamen a fines de agosto en la Comisi\u00f3n Bicameral del Congreso encargada de pronunciarse sobre la validez de los decretos, pese a que la oposici\u00f3n impugn\u00f3 el tr\u00e1mite.<\/p>\n<p>Juntos por el Cambio objet\u00f3 la convocatoria debido a que &#8220;fue realizada fuera del plazo de antelaci\u00f3n previsto&#8221; por el reglamento de la comisi\u00f3n, que obliga a notificar este tipo de eventos dos d\u00edas antes, y se ausent\u00f3 de la reuni\u00f3n, por lo que el oficialismo firm\u00f3 el dictamen en soledad.<\/p>\n<p>Ahora el Frente de Todos intentar\u00e1 aprobar el dictamen con la holgada mayor\u00eda que tiene el Senado, por lo que se dar\u00e1 una nueva discusi\u00f3n con Juntos por el Cambio, que adem\u00e1s cuestion\u00f3 el contenido del DNU firmado por el Presidente.<\/p>\n<p>El decreto congel\u00f3 hasta el 31 de diciembre las tarifas de televisi\u00f3n por cable, telefon\u00eda m\u00f3vil e internet en el marco de la pandemia, al tiempo que estableci\u00f3 que &#8220;los servicios de las Tecnolog\u00edas de la Informaci\u00f3n y las Comunicaciones (TIC) y el acceso a las redes de telecomunicaciones para y entre licenciatarios y licenciatarias de servicios TIC son servicios p\u00fablicos esenciales y estrat\u00e9gicos en competencia&#8221;.<\/p>\n<p>Por otra parte, el oficialismo incluy\u00f3 en la agenda de la sesi\u00f3n el proyecto sobre capitales alternas enviado en febrero pasado por el Poder Ejecutivo con el fin de &#8220;descentralizar&#8221; la administraci\u00f3n p\u00fablica.<\/p>\n<p>La iniciativa propone declarar capitales alternas a 24 ciudades de cada jurisdicci\u00f3n del pa\u00eds, para realizar de all\u00ed reuniones de Gabinete con autoridades de cada provincia, en un intento por favorecer el trabajo de car\u00e1cter federal, al tiempo que abre la posibilidad de trasladar de forma temporaria o definitiva dependencias p\u00fablicas a esos territorios.<\/p>\n<p>Tambi\u00e9n se incorpor\u00f3 el dictamen sobre proyectos de varios senadores para crear un &#8220;programa nacional de prevenci\u00f3n y concientizaci\u00f3n&#8221; sobre el ciberacoso, tambi\u00e9n llamado &#8220;grooming&#8221;.<\/p>\n","protected":false},"excerpt":{"rendered":"<p>La presidenta del C\u00e1mara alta, Cristina Kirchner, llam\u00f3 a sesi\u00f3n especial para este jueves a las 15:00 con un temario variado &nbsp; El oficialismo en el Senado convoc\u00f3 hoy a una sesi\u00f3n para el pr\u00f3ximo jueves para tratar una serie de temas entre los que se encuentra el decreto que congel\u00f3 las tarifas de telefon\u00eda m\u00f3vil, internet y televisi\u00f3n por cable. La presidenta del Senado, Cristina Kirchner, llam\u00f3 a sesi\u00f3n especial para las 15:00 con un temario variado, en el que se encuentra el proyecto presentado por el Gobierno en&#8230;<\/p>\n","protected":false},"author":3,"featured_media":66451,"comment_status":"closed","ping_status":"closed","sticky":false,"template":"","format":"standard","meta":[],"categories":[18],"tags":[],"_links":{"self":[{"href":"https:\/\/www.actualidadadiario.com\/index.php\/wp-json\/wp\/v2\/posts\/66450"}],"collection":[{"href":"https:\/\/www.actualidadadiario.com\/index.php\/wp-json\/wp\/v2\/posts"}],"about":[{"href":"https:\/\/www.actualidadadiario.com\/index.php\/wp-json\/wp\/v2\/types\/post"}],"author":[{"embeddable":true,"href":"https:\/\/www.actualidadadiario.com\/index.php\/wp-json\/wp\/v2\/users\/3"}],"replies":[{"embeddable":true,"href":"https:\/\/www.actualidadadiario.com\/index.php\/wp-json\/wp\/v2\/comments?post=66450"}],"version-history":[{"count":1,"href":"https:\/\/www.actualidadadiario.com\/index.php\/wp-json\/wp\/v2\/posts\/66450\/revisions"}],"predecessor-version":[{"id":66452,"href":"https:\/\/www.actualidadadiario.com\/index.php\/wp-json\/wp\/v2\/posts\/66450\/revisions\/66452"}],"wp:featuredmedia":[{"embeddable":true,"href":"https:\/\/www.actualidadadiario.com\/index.php\/wp-json\/wp\/v2\/media\/66451"}],"wp:attachment":[{"href":"https:\/\/www.actualidadadiario.com\/index.php\/wp-json\/wp\/v2\/media?parent=66450"}],"wp:term":[{"taxonomy":"category","embeddable":true,"href":"https:\/\/www.actualidadadiario.com\/index.php\/wp-json\/wp\/v2\/categories?post=66450"},{"taxonomy":"post_tag","embeddable":true,"href":"https:\/\/www.actualidadadiario.com\/index.php\/wp-json\/wp\/v2\/tags?post=66450"}],"curies":[{"name":"wp","href":"https:\/\/api.w.org\/{rel}","templated":true}]}}