{"id":66447,"date":"2020-09-02T15:23:01","date_gmt":"2020-09-02T18:23:01","guid":{"rendered":"https:\/\/www.actualidadadiario.com\/?p=66447"},"modified":"2020-09-02T15:23:01","modified_gmt":"2020-09-02T18:23:01","slug":"el-gobierno-se-relanza-en-el-dia-de-la-industria","status":"publish","type":"post","link":"https:\/\/www.actualidadadiario.com\/index.php\/2020\/09\/02\/el-gobierno-se-relanza-en-el-dia-de-la-industria\/","title":{"rendered":"El Gobierno se relanza en el D\u00eda de la Industria"},"content":{"rendered":"<p style=\"text-align: center;\"><em><strong>Fern\u00e1ndez hablar\u00e1 junto al titular de la UIA en la planta de Sinteplast. Gesto directo a un sector menospreciado por Macri y que ser\u00e1 eje del modelo de Todos<\/strong><\/em><\/p>\n<p>&nbsp;<\/p>\n<p>&nbsp;<\/p>\n<p>El Gobierno relanza su gesti\u00f3n econ\u00f3mica poscanje en el evento m\u00e1s importante de un sector que ser\u00e1 eje del modelo de Alberto Fern\u00e1ndez y que tuvo casi nula atenci\u00f3n en los a\u00f1os de Mauricio Macri. El Presidente dar\u00e1 un discurso este mi\u00e9rcoles, en el marco del acto del D\u00eda de la Industria que organiza la Uni\u00f3n Industrial Argentina (UIA), en la planta de la empresa Sinteplast en Ezeiza.<\/p>\n<p>La visita, que incluir\u00e1 adem\u00e1s un discurso del titular de la entidad, Miguel Acevedo, y del gobernador bonaerense Axel Kicillof, es un gesto pol\u00edtico directo a los empresarios fabriles, la porci\u00f3n del C\u00edrculo Rojo que m\u00e1s apost\u00f3 a un modelo distinto al de Cambiemos.<\/p>\n<p>Se espera que en ese escenario se den a conocer algunas medidas de impulso al sector que integran las famosas y en reserva 60 medidas para la reactivaci\u00f3n. Hasta \u00faltima hora de este martes, se estuvo trabajando en el t\u00edpico almuerzo del gabinete en Olivos, sobre qu\u00e9 se mostrar\u00e1 del paquete de reactivaci\u00f3n.<\/p>\n<p>Seg\u00fan se pudo saber, Fern\u00e1ndez dar\u00e1 detalles sobre los reintegros a las exportaciones, las medidas para el consumo y un tema que hace tiempo vienen charlando los funcionarios econ\u00f3micos con la mesa chica de la UIA: el regreso de un beneficio similar al que abordaba el decreto 814, que derog\u00f3 Macri en 2018. Este otorgaba beneficios competitivos como reducci\u00f3n en las cargas patronales para aquellas industrias distanciadas de los puertos. Se recrear\u00e1 esa decisi\u00f3n para establecer un criterio federal que iguale a empresas que hacen bienes transables en el interior, para que no pierdan terreno ante Buenos Aires.<\/p>\n<p>El evento, que se transmitir\u00e1 a partir de las 12 del mediod\u00eda, tendr\u00e1 una visita guiada y con protocolos a una planta que es modelo en automatizaci\u00f3n. En un principio, se pens\u00e9 en hacer un evento en la sede de la UIA en Avenida de Mayo, pero Acevedo recomend\u00f3 la instalaci\u00f3n de la f\u00e1brica de pinturas Sinteplast por muchas razones.<\/p>\n<p>Adem\u00e1s de tener tecnolog\u00eda 4.0, cuenta con 30 mil metros techados y es una firma familiar de capitales nacionales que naci\u00f3 pyme y se hizo grande. Uno de sus due\u00f1os, Miguel \u00c1ngel Rodr\u00edguez, es parte de la mesa chica de la entidad y su hija Sol es la vicepresidenta de UIA Joven. Hace unos d\u00edas, fue ella quien visit\u00f3 Olivos junto a Tom\u00e1s Karagozian, el titular de esa divisi\u00f3n, para tener una charla de empresarios j\u00f3venes con el presidente.<\/p>\n<p>Del evento participar\u00e1n adem\u00e1s el ministro de Desarrollo Productivo, Mat\u00edas Kulfas; el Jefe de Gabinete, Santiago Cafiero, el secretario de Industria, Ariel Schale y el titular de la Uni\u00f3n Industrial bonaerense, Mart\u00edn Rappalini y Silvio Zurzolo, al frente de la Asociaci\u00f3n de Industriales bonaerenses (ADIBA).<\/p>\n<p>En noviembre del 2019, reci\u00e9n electo, Fern\u00e1ndez expuso en la 25 Conferencia Industrial en su primer discurso importante ante empresarios. Desde entonces a esta parte, a\u00fan en pandemia, construy\u00f3 su ideario econ\u00f3mico con la producci\u00f3n en el eje del modelo.<\/p>\n<p>Tiempo despu\u00e9s, antes de asumir, visit\u00f3 la UIA para coordinar objetivos y avisar lo que los industriales ya conoc\u00eda por su v\u00ednculo previo con Kulfas y otros funcionarios como Schale. Casi todos los industriales hablan a diario con buena parte del gabinete.<\/p>\n<p>Con el paso del tiempo, Fern\u00e1ndez adopt\u00f3 a Acevedo, titular de UIA y dirigente de la Aceitera General Deheza (AGD), como uno de sus interlocutores y lo sum\u00f3 a los actos importantes en Olivos. Ya ven\u00edan con un v\u00ednculo desde los tiempos en los cuales el presidente era nada m\u00e1s que el favorito a ganar las elecciones y giraba por lugares estrat\u00e9gicos recreando un Consejo Econ\u00f3mico y Social con la UIA y la CGT.<\/p>\n<p>Acevedo se encuentra por estas horas redactando un discurso que tendr\u00e1 alguna menci\u00f3n a c\u00f3mo seguir despu\u00e9s del canje de la deuda pero que se centrar\u00e1, sobre todo, en la b\u00fasqueda de consensos. Eso es, adem\u00e1s del modelo, lo que lo conecta con Fern\u00e1ndez.<\/p>\n","protected":false},"excerpt":{"rendered":"<p>Fern\u00e1ndez hablar\u00e1 junto al titular de la UIA en la planta de Sinteplast. Gesto directo a un sector menospreciado por Macri y que ser\u00e1 eje del modelo de Todos &nbsp; &nbsp; El Gobierno relanza su gesti\u00f3n econ\u00f3mica poscanje en el evento m\u00e1s importante de un sector que ser\u00e1 eje del modelo de Alberto Fern\u00e1ndez y que tuvo casi nula atenci\u00f3n en los a\u00f1os de Mauricio Macri. El Presidente dar\u00e1 un discurso este mi\u00e9rcoles, en el marco del acto del D\u00eda de la Industria que organiza la Uni\u00f3n Industrial Argentina (UIA),&#8230;<\/p>\n","protected":false},"author":3,"featured_media":66448,"comment_status":"closed","ping_status":"closed","sticky":false,"template":"","format":"standard","meta":[],"categories":[18],"tags":[],"_links":{"self":[{"href":"https:\/\/www.actualidadadiario.com\/index.php\/wp-json\/wp\/v2\/posts\/66447"}],"collection":[{"href":"https:\/\/www.actualidadadiario.com\/index.php\/wp-json\/wp\/v2\/posts"}],"about":[{"href":"https:\/\/www.actualidadadiario.com\/index.php\/wp-json\/wp\/v2\/types\/post"}],"author":[{"embeddable":true,"href":"https:\/\/www.actualidadadiario.com\/index.php\/wp-json\/wp\/v2\/users\/3"}],"replies":[{"embeddable":true,"href":"https:\/\/www.actualidadadiario.com\/index.php\/wp-json\/wp\/v2\/comments?post=66447"}],"version-history":[{"count":1,"href":"https:\/\/www.actualidadadiario.com\/index.php\/wp-json\/wp\/v2\/posts\/66447\/revisions"}],"predecessor-version":[{"id":66449,"href":"https:\/\/www.actualidadadiario.com\/index.php\/wp-json\/wp\/v2\/posts\/66447\/revisions\/66449"}],"wp:featuredmedia":[{"embeddable":true,"href":"https:\/\/www.actualidadadiario.com\/index.php\/wp-json\/wp\/v2\/media\/66448"}],"wp:attachment":[{"href":"https:\/\/www.actualidadadiario.com\/index.php\/wp-json\/wp\/v2\/media?parent=66447"}],"wp:term":[{"taxonomy":"category","embeddable":true,"href":"https:\/\/www.actualidadadiario.com\/index.php\/wp-json\/wp\/v2\/categories?post=66447"},{"taxonomy":"post_tag","embeddable":true,"href":"https:\/\/www.actualidadadiario.com\/index.php\/wp-json\/wp\/v2\/tags?post=66447"}],"curies":[{"name":"wp","href":"https:\/\/api.w.org\/{rel}","templated":true}]}}