{"id":66445,"date":"2020-09-02T15:22:11","date_gmt":"2020-09-02T18:22:11","guid":{"rendered":"https:\/\/www.actualidadadiario.com\/?p=66445"},"modified":"2020-09-02T15:22:11","modified_gmt":"2020-09-02T18:22:11","slug":"el-regreso-a-las-aulas-sera-siempre-y-cuando-la-salud-lo-permita-afirmo-trotta","status":"publish","type":"post","link":"https:\/\/www.actualidadadiario.com\/index.php\/2020\/09\/02\/el-regreso-a-las-aulas-sera-siempre-y-cuando-la-salud-lo-permita-afirmo-trotta\/","title":{"rendered":"&#8220;El regreso a las aulas ser\u00e1 siempre y cuando la salud lo permita&#8221;, afirm\u00f3 Trotta"},"content":{"rendered":"<p style=\"text-align: center;\"><em><strong>As\u00ed se expres\u00f3 el ministro de Educaci\u00f3n en una videoconferencia con el gobernador de La Rioja, Ricardo Quintela, con quien convers\u00f3 acerca de la situaci\u00f3n educativa de la provincia, seg\u00fan informaci\u00f3n oficial<\/strong><\/em><\/p>\n<p>&nbsp;<\/p>\n<p>&nbsp;<\/p>\n<p>El ministro de Educaci\u00f3n de la Naci\u00f3n, Nicol\u00e1s Trotta, afirm\u00f3 este martes que promueve \u201cel regreso a las aulas siempre y cuando la salud lo permita\u201d, y precis\u00f3 que se eval\u00faa la situaci\u00f3n ante la pandemia de coronavirus \u201ccon todas las regiones del pa\u00eds\u201d.<\/p>\n<p>\u201cSoy promotor del regreso a las aulas siempre y cuando la salud nos lo permita\u201d, asegur\u00f3 el funcionario.<\/p>\n<p>El ministro se\u00f1al\u00f3 que la prioridad de su gesti\u00f3n \u201ces y sigue siendo el cuidado de la salud y desplegar, como se viene haciendo, todas las herramientas posibles para llegar a las chicas y chicos para que contin\u00faen su v\u00ednculo con la escuela\u201d, se\u00f1al\u00f3.<\/p>\n<p>&#8220;En este momento de excepcionalidad, que estamos atravesando con la suspensi\u00f3n de clases presenciales, hemos acordado seguir muy de cerca la situaci\u00f3n como lo estamos haciendo con todas las regiones del pa\u00eds\u201d, agreg\u00f3.<\/p>\n<p>Con relaci\u00f3n al comienzo de clases, el gobernador Quintela explic\u00f3 que de acuerdo con el protocolo establecido por el Consejo Federal de Educaci\u00f3n con las 23 jurisdicciones y la Ciudad de Buenos Aires, no est\u00e1n dadas las condiciones para realizar ning\u00fan tipo de actividad en las escuelas por el momento debido a la circulaci\u00f3n del Covid-19 y es necesario esperar a que mejore la situaci\u00f3n sanitaria.<\/p>\n<p>Quintela se refiri\u00f3 al intenso trabajo que realizan docentes y equipos directivos para brindar continuidad pedag\u00f3gica a los estudiantes en coordinaci\u00f3n con la provincia y Naci\u00f3n.<\/p>\n<p>Al respecto, detall\u00f3 que &#8220;desde las escuelas se incentiva el v\u00ednculo de la comunidad educativa, docentes y estudiantes, pero tambi\u00e9n se cumple un rol social fundamental\u201d.<\/p>\n<p>\u201cSe distribuyen bolsones con alimentos para que las familias lleven a sus casas y coordinamos entregas domiciliarias para quienes no est\u00e1n en condiciones de acercarse a las instituciones\u201d, concluy\u00f3 el mandatario.<\/p>\n","protected":false},"excerpt":{"rendered":"<p>As\u00ed se expres\u00f3 el ministro de Educaci\u00f3n en una videoconferencia con el gobernador de La Rioja, Ricardo Quintela, con quien convers\u00f3 acerca de la situaci\u00f3n educativa de la provincia, seg\u00fan informaci\u00f3n oficial &nbsp; &nbsp; El ministro de Educaci\u00f3n de la Naci\u00f3n, Nicol\u00e1s Trotta, afirm\u00f3 este martes que promueve \u201cel regreso a las aulas siempre y cuando la salud lo permita\u201d, y precis\u00f3 que se eval\u00faa la situaci\u00f3n ante la pandemia de coronavirus \u201ccon todas las regiones del pa\u00eds\u201d. \u201cSoy promotor del regreso a las aulas siempre y cuando la salud&#8230;<\/p>\n","protected":false},"author":3,"featured_media":66377,"comment_status":"closed","ping_status":"closed","sticky":false,"template":"","format":"standard","meta":[],"categories":[18],"tags":[],"_links":{"self":[{"href":"https:\/\/www.actualidadadiario.com\/index.php\/wp-json\/wp\/v2\/posts\/66445"}],"collection":[{"href":"https:\/\/www.actualidadadiario.com\/index.php\/wp-json\/wp\/v2\/posts"}],"about":[{"href":"https:\/\/www.actualidadadiario.com\/index.php\/wp-json\/wp\/v2\/types\/post"}],"author":[{"embeddable":true,"href":"https:\/\/www.actualidadadiario.com\/index.php\/wp-json\/wp\/v2\/users\/3"}],"replies":[{"embeddable":true,"href":"https:\/\/www.actualidadadiario.com\/index.php\/wp-json\/wp\/v2\/comments?post=66445"}],"version-history":[{"count":1,"href":"https:\/\/www.actualidadadiario.com\/index.php\/wp-json\/wp\/v2\/posts\/66445\/revisions"}],"predecessor-version":[{"id":66446,"href":"https:\/\/www.actualidadadiario.com\/index.php\/wp-json\/wp\/v2\/posts\/66445\/revisions\/66446"}],"wp:featuredmedia":[{"embeddable":true,"href":"https:\/\/www.actualidadadiario.com\/index.php\/wp-json\/wp\/v2\/media\/66377"}],"wp:attachment":[{"href":"https:\/\/www.actualidadadiario.com\/index.php\/wp-json\/wp\/v2\/media?parent=66445"}],"wp:term":[{"taxonomy":"category","embeddable":true,"href":"https:\/\/www.actualidadadiario.com\/index.php\/wp-json\/wp\/v2\/categories?post=66445"},{"taxonomy":"post_tag","embeddable":true,"href":"https:\/\/www.actualidadadiario.com\/index.php\/wp-json\/wp\/v2\/tags?post=66445"}],"curies":[{"name":"wp","href":"https:\/\/api.w.org\/{rel}","templated":true}]}}