{"id":66442,"date":"2020-09-02T15:21:30","date_gmt":"2020-09-02T18:21:30","guid":{"rendered":"https:\/\/www.actualidadadiario.com\/?p=66442"},"modified":"2020-09-02T15:21:30","modified_gmt":"2020-09-02T18:21:30","slug":"diputados-aprobo-las-leyes-sobre-turismo-y-pesca-pero-jxc-rechaza-la-validez-de-la-sesion","status":"publish","type":"post","link":"https:\/\/www.actualidadadiario.com\/index.php\/2020\/09\/02\/diputados-aprobo-las-leyes-sobre-turismo-y-pesca-pero-jxc-rechaza-la-validez-de-la-sesion\/","title":{"rendered":"Diputados aprob\u00f3 las leyes sobre Turismo y Pesca pero JxC rechaza la validez de la sesi\u00f3n"},"content":{"rendered":"<p style=\"text-align: center;\"><em><strong>En una marat\u00f3nica jornada de trabajo que se inici\u00f3 ayer a las 11.40 con la reuni\u00f3n de presidentes de bloque y que concluy\u00f3 esta madrugada a las 5.07 con el cierre de la sesi\u00f3n que comenz\u00f3 a las 19,40, finalmente la C\u00e1mara baja aprob\u00f3 los dos proyectos en cuesti\u00f3n<\/strong><\/em><\/p>\n<p>&nbsp;<\/p>\n<p>&nbsp;<\/p>\n<p>La C\u00e1mara de Diputados convirti\u00f3 hoy en ley el proyecto de auxilio al Turismo y aprob\u00f3 el que aumenta las penas a la pesca ilegal, en una sesi\u00f3n mixta que llevaron adelante el Frente de Todos y algunos bloques provinciales, y que Juntos por el Cambio cuestion\u00f3 y anticip\u00f3 que pedir\u00e1 su impugnaci\u00f3n judicial por considerar que deb\u00eda ser presencial.<\/p>\n<p>En una marat\u00f3nica jornada de trabajo que se inici\u00f3 ayer a las 11.40 con la reuni\u00f3n de presidentes de bloque y que concluy\u00f3 esta madrugada a las 5.07 con el cierre de la sesi\u00f3n que comenz\u00f3 a las 19,40. finalmente Diputados aprob\u00f3 las dos proyectos en cuesti\u00f3n.<\/p>\n<p>Los textos provenientes del Senado que dan herramientas de auxilio al sector tur\u00edstico y que aumentan las penas para la pesca ilegal, reci\u00e9n comenzaron a ser tratados a la 1,15, cuando se agotaron las exposiciones sobre la metodolog\u00eda en la que se deb\u00eda sesionar.<\/p>\n<p>Los proyectos fueron aprobados con los votos del Frente de Todos, los representantes de los gobiernos provinciales de C\u00f3rdoba, Rio Negro, Misiones y Neuqu\u00e9n, y otros diputados de bancadas minoritarias.<\/p>\n<p>El cuestionamiento de Juntos por el Cambio a la propuesta de continuidad de las sesiones mixtas impulsada por el oficialismo no pudo ser resuelto en las m\u00e1s de siete horas de reuni\u00f3n de Labor Parlamentaria, con sus peque\u00f1os cuartos intermedios incluidos.<\/p>\n<p>La negativa de los ex Cambiemos a prorrogar las sesiones virtuales por 30 d\u00edas si no se dejaba escrito qu\u00e9 temas como la reforma judicial o previsional estaban exceptuadas del temario, dificultaron el posible acuerdo.<\/p>\n<p>El Frente de Todos advirti\u00f3 sobre el riesgo de las sesiones presenciales en medio de la pandemia, record\u00f3 la resistencia de los gremios legislativos a que sus trabajadores se expongan en un Congreso con exceso de personas y expuso el caso de los diputados que forman parte de grupos de riesgo.<\/p>\n<p>Se lleg\u00f3 a un punto m\u00e1s cercano al acuerdo cuando se comenzaron aunar criterios para que las reuniones fueran presenciales, y que aquellos diputados que forman parte de grupos de riesgo, los contemplados por las pautas del Ministerio de Salud e incluso aquellos que expresaran por escrito &#8220;temor de contagio&#8221;, pudieran hacerlo en forma remota.<\/p>\n<p>Pero finalmente esta idea, que se sigui\u00f3 analizando a\u00fan hasta despu\u00e9s de comenzada la sesi\u00f3n, tambi\u00e9n qued\u00f3 en la nada.<\/p>\n<p>Agotado el intento de acuerdo con Juntos por el Cambio, el presidente de la C\u00e1mara de Diputados, Sergio Massa, se\u00f1al\u00f3: &#8220;Se ha logrado consenso de la mayor\u00eda de los bloques para continuar con las sesiones mixtas&#8221;.<\/p>\n<p>&#8220;No podemos frenar el Congreso porque alguien dice que no quiere sesionar en forma remota en un momento de pandemia&#8221; de coronavirus, agreg\u00f3 el titular de la C\u00e1mara, en una conferencia de prensa realizada en el Sal\u00f3n de los Pasos Perdidos.<\/p>\n<p>&#8220;Transcurr\u00eda todo con absoluta normalidad, se estaba cerca de lograr una acuerdo, y los diputados de Juntos por el Cambio pidieron un cuarto intermedio, se fueron y volvieron con que no acordaban nada. Pareciera que de golpe, de alg\u00fan lugar lejano, vino la orden de que no sesionaran&#8221;, relat\u00f3 Massa al t\u00e9rmino de la reuni\u00f3n.<\/p>\n<p>Minutos antes, en el mismo lugar, el presidente del interbloque de Juntos por el Cambio, Mario Negri, expres\u00f3: &#8220;Dijimos que, si hab\u00eda una pr\u00f3rroga sesi\u00f3n por sesi\u00f3n o por 30 d\u00edas con temas espec\u00edficos, no hab\u00eda problemas, siempre que significara no abordar temas sobre la Justicia y sobre previsi\u00f3n social y movilidad jubilatoria&#8221;.<\/p>\n<p>&#8220;No hubo posibilidades, el bloque del oficialismo no quiso incorporar estas excepciones para la pr\u00f3rroga y como no hay consenso la sesi\u00f3n de hoy no es v\u00e1lida, con protocolo ca\u00eddo estamos frente a una sesi\u00f3n presencial como rige el reglamento&#8221;.<\/p>\n<p>En el mismo sentido que Massa se expres\u00f3 el presidente del interbloque Federal, Eduardo &#8216;Bali&#8217; Bucca, al hablar en el recinto: &#8220;Hace dos horas parec\u00eda que hab\u00eda un entendimiento, pero algo paso que se rompi\u00f3 la reuni\u00f3n&#8221;.<\/p>\n<p>Luego de la reuni\u00f3n de presidentes de bloque, se inici\u00f3 la sesi\u00f3n mixta en la que el Frente de Todos y otras bancadas provinciales dieron qu\u00f3rum habilitando la renovaci\u00f3n del protocolo de trabajo firmado previamente.<\/p>\n<p>Unos 80 diputados de Juntos por el Cambio ingresaron al recinto y tras pedir que se impugne la sesi\u00f3n mixta, solicitaron que se computaran sus presencias; lo que fue negado por Massa, que les pidi\u00f3 que se loguearan en el sistema telem\u00e1tico por tratarse de una sesi\u00f3n mixta.<\/p>\n<p>Tras casi seis horas en los que se cuestionaron mutuamente sobre los posicionamientos en relaci\u00f3n a la modalidad para sesionar, finalmente Juntos por el Cambio se retir\u00f3 del recinto ratificando que recurrir\u00e1 a la Justicia para impugnar la sesi\u00f3n que motorizaba el Frente de Todos.<\/p>\n<p>Con muestras de cansancio por la incertidumbre de la jornada previa, el oficialismo y los bloques que decidieron participar de la sesi\u00f3n remota apuraron el debate para aprobar las dos leyes incluidas en el temario.<\/p>\n","protected":false},"excerpt":{"rendered":"<p>En una marat\u00f3nica jornada de trabajo que se inici\u00f3 ayer a las 11.40 con la reuni\u00f3n de presidentes de bloque y que concluy\u00f3 esta madrugada a las 5.07 con el cierre de la sesi\u00f3n que comenz\u00f3 a las 19,40, finalmente la C\u00e1mara baja aprob\u00f3 los dos proyectos en cuesti\u00f3n &nbsp; &nbsp; La C\u00e1mara de Diputados convirti\u00f3 hoy en ley el proyecto de auxilio al Turismo y aprob\u00f3 el que aumenta las penas a la pesca ilegal, en una sesi\u00f3n mixta que llevaron adelante el Frente de Todos y algunos bloques&#8230;<\/p>\n","protected":false},"author":3,"featured_media":66443,"comment_status":"closed","ping_status":"closed","sticky":false,"template":"","format":"standard","meta":[],"categories":[18],"tags":[],"_links":{"self":[{"href":"https:\/\/www.actualidadadiario.com\/index.php\/wp-json\/wp\/v2\/posts\/66442"}],"collection":[{"href":"https:\/\/www.actualidadadiario.com\/index.php\/wp-json\/wp\/v2\/posts"}],"about":[{"href":"https:\/\/www.actualidadadiario.com\/index.php\/wp-json\/wp\/v2\/types\/post"}],"author":[{"embeddable":true,"href":"https:\/\/www.actualidadadiario.com\/index.php\/wp-json\/wp\/v2\/users\/3"}],"replies":[{"embeddable":true,"href":"https:\/\/www.actualidadadiario.com\/index.php\/wp-json\/wp\/v2\/comments?post=66442"}],"version-history":[{"count":1,"href":"https:\/\/www.actualidadadiario.com\/index.php\/wp-json\/wp\/v2\/posts\/66442\/revisions"}],"predecessor-version":[{"id":66444,"href":"https:\/\/www.actualidadadiario.com\/index.php\/wp-json\/wp\/v2\/posts\/66442\/revisions\/66444"}],"wp:featuredmedia":[{"embeddable":true,"href":"https:\/\/www.actualidadadiario.com\/index.php\/wp-json\/wp\/v2\/media\/66443"}],"wp:attachment":[{"href":"https:\/\/www.actualidadadiario.com\/index.php\/wp-json\/wp\/v2\/media?parent=66442"}],"wp:term":[{"taxonomy":"category","embeddable":true,"href":"https:\/\/www.actualidadadiario.com\/index.php\/wp-json\/wp\/v2\/categories?post=66442"},{"taxonomy":"post_tag","embeddable":true,"href":"https:\/\/www.actualidadadiario.com\/index.php\/wp-json\/wp\/v2\/tags?post=66442"}],"curies":[{"name":"wp","href":"https:\/\/api.w.org\/{rel}","templated":true}]}}