{"id":66436,"date":"2020-09-02T15:19:50","date_gmt":"2020-09-02T18:19:50","guid":{"rendered":"https:\/\/www.actualidadadiario.com\/?p=66436"},"modified":"2020-09-02T15:19:50","modified_gmt":"2020-09-02T18:19:50","slug":"sergio-massa-acuso-a-la-oposicion-de-repartir-su-numero-de-celular","status":"publish","type":"post","link":"https:\/\/www.actualidadadiario.com\/index.php\/2020\/09\/02\/sergio-massa-acuso-a-la-oposicion-de-repartir-su-numero-de-celular\/","title":{"rendered":"Sergio Massa acus\u00f3 a la oposici\u00f3n de repartir su n\u00famero de celular"},"content":{"rendered":"<p style=\"text-align: center;\"><em><strong>Lo afirm\u00f3 ayer en medio del cruce entre el Frente de Todos y Juntos por el Cambio por el protocolo de sesiones<\/strong><\/em><\/p>\n<p>&nbsp;<\/p>\n<p>&nbsp;<\/p>\n<p>En el marco de tensi\u00f3n que se vivi\u00f3 ayer en la C\u00e1mara de Diputados entre el Frente de Todos y Juntos por el Cambio por la forma en la que el cuerpo legislativo debe sesionar en el contexto de la pandemia, Sergio Massa, presidente de la C\u00e1mara baja acus\u00f3 a la oposici\u00f3n de difundir su n\u00famero de celular. \u00abAdem\u00e1s de tener paciencia, voy a tener que cambiar mi celular\u00bb sostuvo y agreg\u00f3: \u00abParece que algunos de los que se fueron del recinto lo estuvieron repartiendo\u00bb.<\/p>\n<p>Lejos de quedarse callado, el miembro del oficialismo remarc\u00f3: \u00abQu\u00e9 nivel bajo el de algunos dirigentes\u00bb y a\u00f1adi\u00f3 que, como consecuencia de lo sucedido recibi\u00f3 460 mensajes, seg\u00fan lo indicado por la agencia Noticias Argentinas (NA). En ese sentido, volvi\u00f3 a apuntar contra los grupos opositores y afirm\u00f3: \u00abRecib\u00ed 460 mensajes de gente que, evidentemente, recibi\u00f3 el tel\u00e9fono de alg\u00fan dirigente de la oposici\u00f3n\u00bb. M\u00e1s all\u00e1 de las declaraciones que pronunci\u00f3 en el recinto, el funcionario adelant\u00f3 que iniciar\u00e1 acciones legales: \u00abPero, bueno, no me voy a victimizar, voy a hacer la denuncia para que la Justicia investigue y listo\u00bb.<\/p>\n","protected":false},"excerpt":{"rendered":"<p>Lo afirm\u00f3 ayer en medio del cruce entre el Frente de Todos y Juntos por el Cambio por el protocolo de sesiones &nbsp; &nbsp; En el marco de tensi\u00f3n que se vivi\u00f3 ayer en la C\u00e1mara de Diputados entre el Frente de Todos y Juntos por el Cambio por la forma en la que el cuerpo legislativo debe sesionar en el contexto de la pandemia, Sergio Massa, presidente de la C\u00e1mara baja acus\u00f3 a la oposici\u00f3n de difundir su n\u00famero de celular. \u00abAdem\u00e1s de tener paciencia, voy a tener que&#8230;<\/p>\n","protected":false},"author":3,"featured_media":66437,"comment_status":"closed","ping_status":"closed","sticky":false,"template":"","format":"standard","meta":[],"categories":[18],"tags":[],"_links":{"self":[{"href":"https:\/\/www.actualidadadiario.com\/index.php\/wp-json\/wp\/v2\/posts\/66436"}],"collection":[{"href":"https:\/\/www.actualidadadiario.com\/index.php\/wp-json\/wp\/v2\/posts"}],"about":[{"href":"https:\/\/www.actualidadadiario.com\/index.php\/wp-json\/wp\/v2\/types\/post"}],"author":[{"embeddable":true,"href":"https:\/\/www.actualidadadiario.com\/index.php\/wp-json\/wp\/v2\/users\/3"}],"replies":[{"embeddable":true,"href":"https:\/\/www.actualidadadiario.com\/index.php\/wp-json\/wp\/v2\/comments?post=66436"}],"version-history":[{"count":1,"href":"https:\/\/www.actualidadadiario.com\/index.php\/wp-json\/wp\/v2\/posts\/66436\/revisions"}],"predecessor-version":[{"id":66438,"href":"https:\/\/www.actualidadadiario.com\/index.php\/wp-json\/wp\/v2\/posts\/66436\/revisions\/66438"}],"wp:featuredmedia":[{"embeddable":true,"href":"https:\/\/www.actualidadadiario.com\/index.php\/wp-json\/wp\/v2\/media\/66437"}],"wp:attachment":[{"href":"https:\/\/www.actualidadadiario.com\/index.php\/wp-json\/wp\/v2\/media?parent=66436"}],"wp:term":[{"taxonomy":"category","embeddable":true,"href":"https:\/\/www.actualidadadiario.com\/index.php\/wp-json\/wp\/v2\/categories?post=66436"},{"taxonomy":"post_tag","embeddable":true,"href":"https:\/\/www.actualidadadiario.com\/index.php\/wp-json\/wp\/v2\/tags?post=66436"}],"curies":[{"name":"wp","href":"https:\/\/api.w.org\/{rel}","templated":true}]}}