{"id":66420,"date":"2020-09-02T15:09:47","date_gmt":"2020-09-02T18:09:47","guid":{"rendered":"https:\/\/www.actualidadadiario.com\/?p=66420"},"modified":"2020-09-02T15:09:47","modified_gmt":"2020-09-02T18:09:47","slug":"cuestionan-venta-de-un-frigorifico-de-vicentin-a-un-fondo-de-inversiones","status":"publish","type":"post","link":"https:\/\/www.actualidadadiario.com\/index.php\/2020\/09\/02\/cuestionan-venta-de-un-frigorifico-de-vicentin-a-un-fondo-de-inversiones\/","title":{"rendered":"Cuestionan venta de un frigor\u00edfico de Vicentin a un fondo de inversiones"},"content":{"rendered":"<p style=\"text-align: center;\"><em><strong>La operaci\u00f3n fue cuestionada en Santa Fe porque no pas\u00f3 por el juzgado en el que se tramita el concurso de la agroexportadora<\/strong><\/em><\/p>\n<p>&nbsp;<\/p>\n<p>&nbsp;<\/p>\n<p>El Grupo Vicentin se desprendi\u00f3 de uno de sus activos, el frigor\u00edfico Friar, a manos del fondo de inversi\u00f3n BAF Capital, en una operaci\u00f3n cuestionada en Santa Fe porque no pas\u00f3 por el juzgado en el que se tramita el concurso de la agroexportadora, informaron fuentes empresariales y oficiales.<\/p>\n<p>La venta de Friar, el frigor\u00edfico que Vicentin posee en la localidad santafesina de Reconquista, fue confirmada a T\u00e9lam por voceros del grupo que no brindaron precisiones sobre el monto de la operaci\u00f3n.<\/p>\n<p>El comprador es el fondo de inversiones BAF Capital, con sedes en Buenos Aires, Holanda, Uruguay y Brasil, que hab\u00eda participado en 2016 junto a Vicentin de la adquisici\u00f3n de la l\u00ednea de postres y yogures de la l\u00e1ctea Sancor (Arsa).<\/p>\n<p>Voceros de Vicentin explicaron que la venta de Friar incluye un 50% de las acciones que estaban en manos de Vicentin Family Group (sociedad uruguaya) y un 49% correspondiente a la sociedad Nacadie, inscripta en el mismo pa\u00eds.<\/p>\n<p>La operaci\u00f3n no incluy\u00f3 el 0,4% que Vicentin SAIC, la sociedad concursada desde marzo pasado, posee en el frigor\u00edfico Friar.<\/p>\n<p>El diputado santafesino y miembro de la Comisi\u00f3n de Seguimiento del concurso de Vicentin, Carlos Del Frade, sostuvo por su parte que \u201cel juez del concurso ten\u00eda que estar enterado, pero no sab\u00eda nada\u201d.<\/p>\n<p>Para Del Frade \u201ces mentira\u201d que la venta de acciones la hacen Vicentin Family Group y Nacadie, porque \u201cson el mismo grupo\u201d.<\/p>\n<p>\u201cLa venta de Friar, del grupo Vicentin, pone una vez m\u00e1s sobre la mesa el proceso de vaciamiento que llev\u00f3 adelante desde 2014 cuando constituy\u00f3 un grupo paralelo en Uruguay, Vicentin Family Group\u201d, dijo el diputado.<\/p>\n<p>\u201cSolamente dej\u00f3 menos del 1% en el grupo Vicentin SAIC que est\u00e1 en el concurso de acreedores. Ese 50% en manos de Nacadie y otro tanto en poder del grupo espejo al de Reconquista son parte de la misma familia, del mismo grupo\u201d, abund\u00f3.<\/p>\n<p>Por otra parte, el secretario de Justicia de Santa Fe, Gabriel Somaglia, inform\u00f3 que el juez del concurso de Vicentin, Fabi\u00e1n Lorenzini, convoc\u00f3 a las partes para el pr\u00f3ximo 7 de este mes para que aleguen sobre las pruebas ofrecidas ante el planteo de intervenci\u00f3n de la administraci\u00f3n realizado por el Gobierno provincial.<\/p>\n<p>\u201cEs una formalidad de esta etapa del proceso en el incidente por el planteo de intervenci\u00f3n\u201d, dijo el funcionario a esta agencia, y explic\u00f3 que luego de esa instancia el juez debe resolver el asunto.<\/p>\n","protected":false},"excerpt":{"rendered":"<p>La operaci\u00f3n fue cuestionada en Santa Fe porque no pas\u00f3 por el juzgado en el que se tramita el concurso de la agroexportadora &nbsp; &nbsp; El Grupo Vicentin se desprendi\u00f3 de uno de sus activos, el frigor\u00edfico Friar, a manos del fondo de inversi\u00f3n BAF Capital, en una operaci\u00f3n cuestionada en Santa Fe porque no pas\u00f3 por el juzgado en el que se tramita el concurso de la agroexportadora, informaron fuentes empresariales y oficiales. La venta de Friar, el frigor\u00edfico que Vicentin posee en la localidad santafesina de Reconquista, fue&#8230;<\/p>\n","protected":false},"author":3,"featured_media":66421,"comment_status":"closed","ping_status":"closed","sticky":false,"template":"","format":"standard","meta":[],"categories":[2],"tags":[],"_links":{"self":[{"href":"https:\/\/www.actualidadadiario.com\/index.php\/wp-json\/wp\/v2\/posts\/66420"}],"collection":[{"href":"https:\/\/www.actualidadadiario.com\/index.php\/wp-json\/wp\/v2\/posts"}],"about":[{"href":"https:\/\/www.actualidadadiario.com\/index.php\/wp-json\/wp\/v2\/types\/post"}],"author":[{"embeddable":true,"href":"https:\/\/www.actualidadadiario.com\/index.php\/wp-json\/wp\/v2\/users\/3"}],"replies":[{"embeddable":true,"href":"https:\/\/www.actualidadadiario.com\/index.php\/wp-json\/wp\/v2\/comments?post=66420"}],"version-history":[{"count":1,"href":"https:\/\/www.actualidadadiario.com\/index.php\/wp-json\/wp\/v2\/posts\/66420\/revisions"}],"predecessor-version":[{"id":66422,"href":"https:\/\/www.actualidadadiario.com\/index.php\/wp-json\/wp\/v2\/posts\/66420\/revisions\/66422"}],"wp:featuredmedia":[{"embeddable":true,"href":"https:\/\/www.actualidadadiario.com\/index.php\/wp-json\/wp\/v2\/media\/66421"}],"wp:attachment":[{"href":"https:\/\/www.actualidadadiario.com\/index.php\/wp-json\/wp\/v2\/media?parent=66420"}],"wp:term":[{"taxonomy":"category","embeddable":true,"href":"https:\/\/www.actualidadadiario.com\/index.php\/wp-json\/wp\/v2\/categories?post=66420"},{"taxonomy":"post_tag","embeddable":true,"href":"https:\/\/www.actualidadadiario.com\/index.php\/wp-json\/wp\/v2\/tags?post=66420"}],"curies":[{"name":"wp","href":"https:\/\/api.w.org\/{rel}","templated":true}]}}