{"id":66416,"date":"2020-09-02T15:08:16","date_gmt":"2020-09-02T18:08:16","guid":{"rendered":"https:\/\/www.actualidadadiario.com\/?p=66416"},"modified":"2020-09-02T15:08:16","modified_gmt":"2020-09-02T18:08:16","slug":"automotrices-incrementaran-su-produccion-para-alcanzar-250-000-unidades-en-2020","status":"publish","type":"post","link":"https:\/\/www.actualidadadiario.com\/index.php\/2020\/09\/02\/automotrices-incrementaran-su-produccion-para-alcanzar-250-000-unidades-en-2020\/","title":{"rendered":"Automotrices incrementar\u00e1n su producci\u00f3n para alcanzar 250.000 unidades en 2020"},"content":{"rendered":"<p style=\"text-align: center;\"><em><strong>Se trata de un Compromiso para la reactivaci\u00f3n de la producci\u00f3n, el mercado interno y la exportaci\u00f3n que tambi\u00e9n permitir\u00e1 asegurar el abastecimiento de las unidades importadas necesarias para complementar la oferta local, estimadas en alrededor de 96.000 unidades en lo que resta del a\u00f1o<\/strong><\/em><\/p>\n<p>&nbsp;<\/p>\n<p>&nbsp;<\/p>\n<p>Las terminales automotrices se comprometieron este martes a aumentar su volumen de producci\u00f3n en 20.000 unidades, de las cuales 15.000 se destinar\u00e1n a la exportaci\u00f3n para alcanzar de esa manera una producci\u00f3n anual m\u00ednima de 250.000 veh\u00edculos, anunci\u00f3 la Asociaci\u00f3n de Fabricantes de Automotores (Adefa).<\/p>\n<p>Con este mecanismo de incremento de veh\u00edculos de producci\u00f3n local con compromiso de exportaci\u00f3n y el abastecimiento de unidades para completar el line up de las marcas, el sector estima que la balanza comercial de veh\u00edculos para el 2020 cerrar\u00e1 con un super\u00e1vit de US$ 1.776 millones.<\/p>\n<p>El presidente de Adefa, Daniel Herrero, explic\u00f3 que &#8220;el sector se encuentra trabajando para recuperar el nivel de actividad previo a la pandemia y sin dudas es un esfuerzo que requiere de previsibilidad para poder planificar&#8221;.<\/p>\n<p>En ese marco y en funci\u00f3n del di\u00e1logo establecido las terminales asumieron &#8220;un compromiso que respalda los planes de aumentar la producci\u00f3n y exportaci\u00f3n sin descuidar la provisi\u00f3n del mercado interno&#8221;.<\/p>\n<p>&#8220;Estas son las bases para poder seguir trabajando en el crecimiento de toda la cadena de valor y posicionar a la Argentina como una de las grandes bases regionales de la industria automotriz en Latinoam\u00e9rica&#8221;, afirm\u00f3 Herrero.<\/p>\n<p>En base a estas proyecciones el gobierno y la cadena de valor coincidieron que est\u00e1n dadas las condiciones para completar el a\u00f1o con una producci\u00f3n de 250.000 unidades producidas en el pa\u00eds, de acuerdo al comunicado difundido esta noche por la entidad fabril.<\/p>\n<p>As\u00ed se acord\u00f3 como parte de las instancias de di\u00e1logo que las terminales vienen desarrollando con el Gobierno, los gremios y la cadena de valor.<\/p>\n<p>Teniendo en cuenta el contexto que atraviesa el sector en general, &#8220;se establecieron las bases de la actividad industrial y comercial hasta fin de a\u00f1o&#8221; con el objetivo de brindar la previsibilidad necesaria para impulsar la recuperaci\u00f3n de los vol\u00famenes de producci\u00f3n y ventas, explic\u00f3 Adefa.<\/p>\n<p>&nbsp;<\/p>\n<p><strong>Aumentar la producci\u00f3n<\/strong><\/p>\n<p>En este marco, las terminales automotrices se comprometieron a aumentar su volumen de producci\u00f3n en 20.000 unidades, de las cuales 15.000 se destinar\u00e1n a la exportaci\u00f3n para alcanzar de esa manera una producci\u00f3n anual m\u00ednima de 250.000 unidades y asegur\u00e1ndose las necesidades de aprovisionamiento tanto de partes como de unidades terminadas.<\/p>\n<p>En base a estas proyecciones el Gobierno y la cadena de valor coincidieron que est\u00e1n dadas las condiciones para asegurar el abastecimiento de las unidades importadas necesarias para complementar la oferta local.<\/p>\n<p>Estas estimaciones alcanzan las 96.000 unidades importadas en lo que resta del a\u00f1o, considerando un mercado interno total de 290.000 unidades.<\/p>\n<p>Las automotrices acordaron continuar monitoreando con el Gobierno el nivel de la demanda de manera de poder tomar las medidas pertinentes que permitan ajustar los niveles a la demanda futura.<\/p>\n<p>&nbsp;<\/p>\n<p><strong>El di\u00e1logo con el gobierno<\/strong><\/p>\n<p>Las terminales ven\u00edan desarrollando en las \u00faltimas semanas una serie de reuniones con el ministro de Desarrollo Productivo, Mat\u00edas Kulfas, y el secretario de Industria, Ariel Schale, acerca de la situaci\u00f3n que enfrentaba cada compa\u00f1\u00eda en el marco de la reanudaci\u00f3n de actividades.<\/p>\n<p>En las mismas las automotrices plantearon la necesidad de poder contar con las unidades importadas que requer\u00edan autorizaci\u00f3n para salir de la aduana y que permitir\u00eda responder a la demanda de unidades 0 kil\u00f3metro en las concesionarias.<\/p>\n<p>En las charlas, el Gobierno planteaba la necesidad de poder equilibrar la balanza del sector que adem\u00e1s de los veh\u00edculos terminados incluye el intercambio de autopartes, en las que el pa\u00eds es fuertemente deficitario.<\/p>\n<p>Con este mecanismo, el sector estima que la balanza comercial de veh\u00edculos para el 2020 cerrar\u00e1 con un super\u00e1vit de US$ 1.776 millones; y se contin\u00faa el trabajo conjunto para mejorar la competitividad y lograr una mayor integraci\u00f3n a lo largo de toda la cadena de la industria.<\/p>\n","protected":false},"excerpt":{"rendered":"<p>Se trata de un Compromiso para la reactivaci\u00f3n de la producci\u00f3n, el mercado interno y la exportaci\u00f3n que tambi\u00e9n permitir\u00e1 asegurar el abastecimiento de las unidades importadas necesarias para complementar la oferta local, estimadas en alrededor de 96.000 unidades en lo que resta del a\u00f1o &nbsp; &nbsp; Las terminales automotrices se comprometieron este martes a aumentar su volumen de producci\u00f3n en 20.000 unidades, de las cuales 15.000 se destinar\u00e1n a la exportaci\u00f3n para alcanzar de esa manera una producci\u00f3n anual m\u00ednima de 250.000 veh\u00edculos, anunci\u00f3 la Asociaci\u00f3n de Fabricantes de&#8230;<\/p>\n","protected":false},"author":3,"featured_media":51037,"comment_status":"closed","ping_status":"closed","sticky":false,"template":"","format":"standard","meta":[],"categories":[2],"tags":[],"_links":{"self":[{"href":"https:\/\/www.actualidadadiario.com\/index.php\/wp-json\/wp\/v2\/posts\/66416"}],"collection":[{"href":"https:\/\/www.actualidadadiario.com\/index.php\/wp-json\/wp\/v2\/posts"}],"about":[{"href":"https:\/\/www.actualidadadiario.com\/index.php\/wp-json\/wp\/v2\/types\/post"}],"author":[{"embeddable":true,"href":"https:\/\/www.actualidadadiario.com\/index.php\/wp-json\/wp\/v2\/users\/3"}],"replies":[{"embeddable":true,"href":"https:\/\/www.actualidadadiario.com\/index.php\/wp-json\/wp\/v2\/comments?post=66416"}],"version-history":[{"count":1,"href":"https:\/\/www.actualidadadiario.com\/index.php\/wp-json\/wp\/v2\/posts\/66416\/revisions"}],"predecessor-version":[{"id":66417,"href":"https:\/\/www.actualidadadiario.com\/index.php\/wp-json\/wp\/v2\/posts\/66416\/revisions\/66417"}],"wp:featuredmedia":[{"embeddable":true,"href":"https:\/\/www.actualidadadiario.com\/index.php\/wp-json\/wp\/v2\/media\/51037"}],"wp:attachment":[{"href":"https:\/\/www.actualidadadiario.com\/index.php\/wp-json\/wp\/v2\/media?parent=66416"}],"wp:term":[{"taxonomy":"category","embeddable":true,"href":"https:\/\/www.actualidadadiario.com\/index.php\/wp-json\/wp\/v2\/categories?post=66416"},{"taxonomy":"post_tag","embeddable":true,"href":"https:\/\/www.actualidadadiario.com\/index.php\/wp-json\/wp\/v2\/tags?post=66416"}],"curies":[{"name":"wp","href":"https:\/\/api.w.org\/{rel}","templated":true}]}}