{"id":66410,"date":"2020-09-02T15:06:25","date_gmt":"2020-09-02T18:06:25","guid":{"rendered":"https:\/\/www.actualidadadiario.com\/?p=66410"},"modified":"2020-09-02T15:06:25","modified_gmt":"2020-09-02T18:06:25","slug":"giano-anticipo-que-la-camara-de-diputados-seguira-funcionando","status":"publish","type":"post","link":"https:\/\/www.actualidadadiario.com\/index.php\/2020\/09\/02\/giano-anticipo-que-la-camara-de-diputados-seguira-funcionando\/","title":{"rendered":"Giano anticip\u00f3 que la C\u00e1mara de Diputados seguir\u00e1 funcionando"},"content":{"rendered":"<p style=\"text-align: center;\"><em><strong>El presidente de la C\u00e1mara de Diputados, Angel Giano, confirm\u00f3 que la semana pr\u00f3xima habr\u00e1 sesi\u00f3n, pese a haber sido diagnosticado como Covid &#8211; 19 positivo y que las dem\u00e1s autoridades de la C\u00e1mara est\u00e1n en aislamiento preventivo y tambi\u00e9n fueron hisopados<\/strong><\/em><\/p>\n<p>&nbsp;<\/p>\n<p>&nbsp;<\/p>\n<p>Giano relat\u00f3 en declaraciones al programa \u201cAire de Todos\u201d (FM Costa Paran\u00e1) que se hizo el hisopado por precauci\u00f3n, ya que estaba por viajar rumbo a Concordia, luego de permanecer m\u00e1s de 20 d\u00edas en la capital provincial. El estudio lo realiz\u00f3 durante la ma\u00f1ana y por la noche le dieron el resultado positivo.<\/p>\n<p>El legislador consign\u00f3 que no tiene ning\u00fan tipo de s\u00edntomas de la enfermedad pero que tendr\u00e1 que estar aislado \u201centre 7 y 10 d\u00edas para ver c\u00f3mo evoluciona. Tendr\u00e9 que tener paciencia, cumplir con todas las recomendaciones de los profesionales de la salud\u201d, consign\u00f3.<\/p>\n<p>Adem\u00e1s, afirm\u00f3 que seguir\u00e1 trabajando de manera virtual, por v\u00eda remota, dado que la C\u00e1mara que preside \u201ctiene que seguir funcionando\u201d. Adelant\u00f3 que el funcionamiento de Diputados \u201cno se resentir\u00e1. Veremos c\u00f3mo se desarrollar\u00e1 la sesi\u00f3n de la semana que viene, lo charlaremos con los presidentes de los bloques\u201d, anticip\u00f3.<\/p>\n<p>Giano record\u00f3 que, durante la sesi\u00f3n de Diputados de la semana pasada, estuvo durante m\u00e1s de tres horas cerca del ministro de Econom\u00eda, Hugo Ballay, quien fue diagnosticado como Covid-19 positivo el d\u00eda lunes. Fue durante el encuentro en el que se interpel\u00f3 al funcionario por el acuerdo entre el Estado y el Nuevo Banco de Entre R\u00edos por el servicio de agencia financiera.<\/p>\n<p>\u201cEsa fue la raz\u00f3n por la que decid\u00ed ir al hospital ayer por la ma\u00f1ana\u201d, puntualiz\u00f3. Asimismo, marc\u00f3 que las dem\u00e1s autoridades de la C\u00e1mara se aislaron a partir del resultado de sus estudios y hoy se realizaron el hisopado. Son unas 5 personas.<\/p>\n","protected":false},"excerpt":{"rendered":"<p>El presidente de la C\u00e1mara de Diputados, Angel Giano, confirm\u00f3 que la semana pr\u00f3xima habr\u00e1 sesi\u00f3n, pese a haber sido diagnosticado como Covid &#8211; 19 positivo y que las dem\u00e1s autoridades de la C\u00e1mara est\u00e1n en aislamiento preventivo y tambi\u00e9n fueron hisopados &nbsp; &nbsp; Giano relat\u00f3 en declaraciones al programa \u201cAire de Todos\u201d (FM Costa Paran\u00e1) que se hizo el hisopado por precauci\u00f3n, ya que estaba por viajar rumbo a Concordia, luego de permanecer m\u00e1s de 20 d\u00edas en la capital provincial. El estudio lo realiz\u00f3 durante la ma\u00f1ana y&#8230;<\/p>\n","protected":false},"author":3,"featured_media":66411,"comment_status":"closed","ping_status":"closed","sticky":false,"template":"","format":"standard","meta":[],"categories":[15],"tags":[],"_links":{"self":[{"href":"https:\/\/www.actualidadadiario.com\/index.php\/wp-json\/wp\/v2\/posts\/66410"}],"collection":[{"href":"https:\/\/www.actualidadadiario.com\/index.php\/wp-json\/wp\/v2\/posts"}],"about":[{"href":"https:\/\/www.actualidadadiario.com\/index.php\/wp-json\/wp\/v2\/types\/post"}],"author":[{"embeddable":true,"href":"https:\/\/www.actualidadadiario.com\/index.php\/wp-json\/wp\/v2\/users\/3"}],"replies":[{"embeddable":true,"href":"https:\/\/www.actualidadadiario.com\/index.php\/wp-json\/wp\/v2\/comments?post=66410"}],"version-history":[{"count":1,"href":"https:\/\/www.actualidadadiario.com\/index.php\/wp-json\/wp\/v2\/posts\/66410\/revisions"}],"predecessor-version":[{"id":66412,"href":"https:\/\/www.actualidadadiario.com\/index.php\/wp-json\/wp\/v2\/posts\/66410\/revisions\/66412"}],"wp:featuredmedia":[{"embeddable":true,"href":"https:\/\/www.actualidadadiario.com\/index.php\/wp-json\/wp\/v2\/media\/66411"}],"wp:attachment":[{"href":"https:\/\/www.actualidadadiario.com\/index.php\/wp-json\/wp\/v2\/media?parent=66410"}],"wp:term":[{"taxonomy":"category","embeddable":true,"href":"https:\/\/www.actualidadadiario.com\/index.php\/wp-json\/wp\/v2\/categories?post=66410"},{"taxonomy":"post_tag","embeddable":true,"href":"https:\/\/www.actualidadadiario.com\/index.php\/wp-json\/wp\/v2\/tags?post=66410"}],"curies":[{"name":"wp","href":"https:\/\/api.w.org\/{rel}","templated":true}]}}