{"id":66407,"date":"2020-09-02T15:05:13","date_gmt":"2020-09-02T18:05:13","guid":{"rendered":"https:\/\/www.actualidadadiario.com\/?p=66407"},"modified":"2020-09-02T15:05:13","modified_gmt":"2020-09-02T18:05:13","slug":"se-reportaron-222-nuevos-casos-en-entre-rios-y-el-total-asciende-a-3768","status":"publish","type":"post","link":"https:\/\/www.actualidadadiario.com\/index.php\/2020\/09\/02\/se-reportaron-222-nuevos-casos-en-entre-rios-y-el-total-asciende-a-3768\/","title":{"rendered":"Se reportaron 222 nuevos casos en Entre R\u00edos y el total asciende a 3768"},"content":{"rendered":"<p style=\"text-align: center;\"><em><strong>El \u00e1rea de Vigilancia Epidemiol\u00f3gica del Ministerio de Salud inform\u00f3 que este mi\u00e9rcoles en Entre R\u00edos se registraron 222 nuevos contagios de coronavirus, de los cuales 60 corresponden a Paran\u00e1 y 78 a Gualeguaych\u00fa. Asciende a 3768 el total de casos confirmados en la provincia. Adem\u00e1s se produjo un nuevo fallecimiento en Entre R\u00edos asociado a Covid-19<\/strong><\/em><\/p>\n<p>&nbsp;<\/p>\n<p>&nbsp;<\/p>\n<p>El \u00e1rea de Vigilancia Epidemiol\u00f3gica confirm\u00f3 que este mi\u00e9rcoles en Entre R\u00edos se registraron 222 nuevos casos de coronavirus.<\/p>\n<p>&nbsp;<\/p>\n<p><strong>Casos por Departamento:<\/strong><\/p>\n<ul>\n<li>Paran\u00e1 60<\/li>\n<li>Gualeguaych\u00fa 78<\/li>\n<li>Diamante 25<\/li>\n<li>Concordia 20<\/li>\n<li>La Paz 15<\/li>\n<li>Gualeguay 11<\/li>\n<li>Villaguay 7<\/li>\n<li>Islas del Ibicuy 2<\/li>\n<li>Uruguay 2<\/li>\n<li>Victoria 1<\/li>\n<li>Federaci\u00f3n 1<\/li>\n<\/ul>\n<p>Cabe citar que, por estas horas, en el Laboratorio Epidemiol\u00f3gico se est\u00e1n procesando otras muestras correspondientes al Departamento Paran\u00e1.<\/p>\n<p>Se reclasifica un caso del departamento La Paz (Alcaraz) y se suma al departamento Paran\u00e1.<\/p>\n<p>Se reclasifica un caso del departamento Federal y se resta de dicho lugar.<\/p>\n<p>Se reclasifica un caso del departamento San Salvador (General Campos) y se suma al departamento Paran\u00e1.<\/p>\n<p>De ese modo, en la provincia son 3.768 los casos confirmados.<\/p>\n<p>&nbsp;<\/p>\n<p><strong>Deceso<\/strong><\/p>\n<p>Por otra parte, se registr\u00f3 un fallecimiento en Entre R\u00edos asociado a Covid-19.<\/p>\n<p>Se trata de una mujer de 56 a\u00f1os oriunda de Concordia que permanec\u00eda internada en un establecimiento privado.<\/p>\n<p>De esta manera, son 58 los fallecidos con Covid-19 en la provincia.<\/p>\n","protected":false},"excerpt":{"rendered":"<p>El \u00e1rea de Vigilancia Epidemiol\u00f3gica del Ministerio de Salud inform\u00f3 que este mi\u00e9rcoles en Entre R\u00edos se registraron 222 nuevos contagios de coronavirus, de los cuales 60 corresponden a Paran\u00e1 y 78 a Gualeguaych\u00fa. Asciende a 3768 el total de casos confirmados en la provincia. Adem\u00e1s se produjo un nuevo fallecimiento en Entre R\u00edos asociado a Covid-19 &nbsp; &nbsp; El \u00e1rea de Vigilancia Epidemiol\u00f3gica confirm\u00f3 que este mi\u00e9rcoles en Entre R\u00edos se registraron 222 nuevos casos de coronavirus. &nbsp; Casos por Departamento: Paran\u00e1 60 Gualeguaych\u00fa 78 Diamante 25 Concordia 20&#8230;<\/p>\n","protected":false},"author":3,"featured_media":66408,"comment_status":"closed","ping_status":"closed","sticky":false,"template":"","format":"standard","meta":[],"categories":[9,15],"tags":[],"_links":{"self":[{"href":"https:\/\/www.actualidadadiario.com\/index.php\/wp-json\/wp\/v2\/posts\/66407"}],"collection":[{"href":"https:\/\/www.actualidadadiario.com\/index.php\/wp-json\/wp\/v2\/posts"}],"about":[{"href":"https:\/\/www.actualidadadiario.com\/index.php\/wp-json\/wp\/v2\/types\/post"}],"author":[{"embeddable":true,"href":"https:\/\/www.actualidadadiario.com\/index.php\/wp-json\/wp\/v2\/users\/3"}],"replies":[{"embeddable":true,"href":"https:\/\/www.actualidadadiario.com\/index.php\/wp-json\/wp\/v2\/comments?post=66407"}],"version-history":[{"count":1,"href":"https:\/\/www.actualidadadiario.com\/index.php\/wp-json\/wp\/v2\/posts\/66407\/revisions"}],"predecessor-version":[{"id":66409,"href":"https:\/\/www.actualidadadiario.com\/index.php\/wp-json\/wp\/v2\/posts\/66407\/revisions\/66409"}],"wp:featuredmedia":[{"embeddable":true,"href":"https:\/\/www.actualidadadiario.com\/index.php\/wp-json\/wp\/v2\/media\/66408"}],"wp:attachment":[{"href":"https:\/\/www.actualidadadiario.com\/index.php\/wp-json\/wp\/v2\/media?parent=66407"}],"wp:term":[{"taxonomy":"category","embeddable":true,"href":"https:\/\/www.actualidadadiario.com\/index.php\/wp-json\/wp\/v2\/categories?post=66407"},{"taxonomy":"post_tag","embeddable":true,"href":"https:\/\/www.actualidadadiario.com\/index.php\/wp-json\/wp\/v2\/tags?post=66407"}],"curies":[{"name":"wp","href":"https:\/\/api.w.org\/{rel}","templated":true}]}}