{"id":66404,"date":"2020-09-02T15:04:27","date_gmt":"2020-09-02T18:04:27","guid":{"rendered":"https:\/\/www.actualidadadiario.com\/?p=66404"},"modified":"2020-09-02T15:04:27","modified_gmt":"2020-09-02T18:04:27","slug":"el-instituto-becario-presento-la-plataforma-virtual-para-la-feria-de-carreras-a-las-universidades","status":"publish","type":"post","link":"https:\/\/www.actualidadadiario.com\/index.php\/2020\/09\/02\/el-instituto-becario-presento-la-plataforma-virtual-para-la-feria-de-carreras-a-las-universidades\/","title":{"rendered":"El Instituto Becario present\u00f3 la plataforma virtual para la feria de carreras a las universidades"},"content":{"rendered":"<p style=\"text-align: center;\"><em><strong>El Becario te Muestra ser\u00e1 este a\u00f1o online debido a la pandemia y se desarrollar\u00e1 a trav\u00e9s de una novedosa plataforma. \u201cSer\u00e1 atractiva e interactiva para los j\u00f3venes\u201d, adelant\u00f3 el director ejecutivo del organismo, Sebasti\u00e1n B\u00e9rtoli<\/strong><\/em><\/p>\n<p>&nbsp;<\/p>\n<p>&nbsp;<\/p>\n<p>&nbsp;<\/p>\n<p>As\u00ed lo indic\u00f3 tras brindar detalles a las universidades en una reuni\u00f3n v\u00eda Zoom de la concreci\u00f3n de esta feria que impulsa el gobierno entrerriano para dar a conocer la oferta acad\u00e9mica disponible en la provincia.<\/p>\n<p>En una nueva reuni\u00f3n virtual encabezada por el titular del Becario, Sebasti\u00e1n B\u00e9rtoli, se dieron a conocer los detalles de la plataforma en la que se realizar\u00e1 el Becario te Muestra, la feria que anualmente organiza el Instituto Becario que este a\u00f1o se llevar\u00e1 a cabo en forma virtual. Expres\u00f3 que se trata de \u201cuna propuesta atractiva para los j\u00f3venes que est\u00e1n a\u00fan en la b\u00fasqueda de una carrera para continuar sus estudios en el nivel superior\u201d.<\/p>\n<p>Durante el encuentro online participaron el presidente del Consejo General de Educaci\u00f3n, Mart\u00edn M\u00fcller; la subsecretaria de Juventud de la provincia, Brenda Ulman, y representantes la Secretar\u00eda de Modernizaci\u00f3n de la provincia, organismos que trabajan conjuntamente con la organizaci\u00f3n de este evento. Tambi\u00e9n participaron del contacto referentes de la Universidad Nacional de Entre R\u00edos (UNER), de la Universidad Aut\u00f3noma de Entre R\u00edos (Uader), de la Universidad Tecnol\u00f3gica Nacional (UTN), regionales Concepci\u00f3n del Uruguay y Paran\u00e1, de la Universidad Adventista del Plata (UAP), de la Universidad Cat\u00f3lica Argentina (UCA); y de la Universidad de Concepci\u00f3n del Uruguay (UCU), con quienes se viene trabajando de manera articulada en esta feria que regularmente brinda informaci\u00f3n a miles de j\u00f3venes.<\/p>\n<p>&nbsp;<\/p>\n<p><strong>Explicaciones<\/strong><\/p>\n<p>Al hacer referencia a la feria, el titular del Becario destac\u00f3 \u201cla decisi\u00f3n del gobernador Gustavo Bordet de acompa\u00f1ar a todos las universidades e institutos presentes en la provincia para dar a conocer las propuestas acad\u00e9micas\u201d, y dijo que ello permitir\u00e1 que la feria virtual sea gratuita para las universidades participantes. \u201cSabemos que todos los a\u00f1os alg\u00fan costo ten\u00eda en cuanto a traslados, folleter\u00eda y dem\u00e1s\u201d, diferenci\u00f3 B\u00e9rtoli.<\/p>\n<p>Tras la presentaci\u00f3n de un video explicativo acerca de c\u00f3mo ser\u00e1 la modalidad de la feria virtual, los participantes hicieron preguntas para conocer con precisi\u00f3n el funcionamiento de la misma.<\/p>\n<p>En este sentido, B\u00e9rtoli explic\u00f3: \u201cHemos podido avanzar en una feria innovadora y divertida, donde cada chico con un simple click podr\u00e1 acceder a la informaci\u00f3n. All\u00ed todas las universidades e institutos de la provincia podr\u00e1n mostrar su oferta acad\u00e9mica. Entendemos que es importante la accesibilidad y por eso agradecemos el acompa\u00f1amiento del gobernador y el gobierno de la provincia que hacen posible poder montar este servicio\u201d.<\/p>\n<p>&nbsp;<\/p>\n<p><strong>Satisfacci\u00f3n en las universidades<\/strong><\/p>\n<p>El decano de UTN, Regional Paran\u00e1, Alejandro Carrere, se mostr\u00f3 conforme con la reuni\u00f3n y con el perfil pensado para la feria de carreras. En este sentido resalt\u00f3: \u201cEs muy importante que la provincia asuma la totalidad de los costos porque habitualmente tiene costos para nosotros. La plataforma es muy atractiva porque con un s\u00f3lo click los estudiantes que est\u00e1n en sus casas pueden acceder a la totalidad de las carreras que tenemos a disposici\u00f3n\u201d.<\/p>\n<p>Por su parte la secretaria de Comunicaci\u00f3n de Uader, Fabiana Dato, manifest\u00f3 que en este contexto tan especial y muy complejo \u201csurgen, por suerte, ideas que generan articulaci\u00f3n y trabajo colectivo. Poner en marcha el gobierno provincial a trav\u00e9s del Becario, de armar una gran feria de carreras da cuenta de ello. Valoro profundamente que el Estado provincial se haga presente. Tanto desde sus organismos, como de sus universidades p\u00fablicas. La educaci\u00f3n como derecho es a esta altura, un principio que no debe ponerse en jaque. Celebro tambi\u00e9n la apertura para que puedan participar las instituciones privadas. Esto sumar\u00e1 a traccionar en pos de un escenario m\u00e1s perceptivo e inclusivo\u201d.<\/p>\n<p>&nbsp;<\/p>\n<p><strong>Detalles de la feria<\/strong><\/p>\n<p>El Becario te Muestra en su 8\u00ba edici\u00f3n ser\u00e1 de manera online atendiendo al contexto actual de pandemia por el Covid-19, trabajando en conjunto con organismos de Estado y las universidades presentes en la provincia para llegar a m\u00e1s estudiantes entrerrianos que decidan estudiar en Entre R\u00edos.<\/p>\n<p>La feria, a trav\u00e9s de un sistema interactivo muy moderno y din\u00e1mico, permanecer\u00e1 disponible durante 12 d\u00edas corridos en la que los estudiantes podr\u00e1n recorrer los stands virtuales dispuestos para cada instituci\u00f3n donde se expondr\u00e1 la informaci\u00f3n acerca de las carreras con las que cuentan cada una de las unidades acad\u00e9micas.<\/p>\n<p>En principio el horario de la feria ser\u00eda de 9 a 17 con diferentes propuestas interactivas para los j\u00f3venes que est\u00e1n en la b\u00fasqueda de qu\u00e9 estudiar el pr\u00f3ximo a\u00f1o. Posteriormente a esa franja horaria de interacci\u00f3n directa con las casas de estudios est\u00e1 planteada la idea de poder realizar charlas de distintas tem\u00e1ticas para seguir acompa\u00f1ado a los estudiantes entrerrianos.<\/p>\n<p>El lanzamiento del Becario te Muestra online est\u00e1 estipulado para el mes de octubre atendiendo a los tiempos de las instituciones participantes y los eventos previos que cada una tiene en agenda.<\/p>\n","protected":false},"excerpt":{"rendered":"<p>El Becario te Muestra ser\u00e1 este a\u00f1o online debido a la pandemia y se desarrollar\u00e1 a trav\u00e9s de una novedosa plataforma. \u201cSer\u00e1 atractiva e interactiva para los j\u00f3venes\u201d, adelant\u00f3 el director ejecutivo del organismo, Sebasti\u00e1n B\u00e9rtoli &nbsp; &nbsp; &nbsp; As\u00ed lo indic\u00f3 tras brindar detalles a las universidades en una reuni\u00f3n v\u00eda Zoom de la concreci\u00f3n de esta feria que impulsa el gobierno entrerriano para dar a conocer la oferta acad\u00e9mica disponible en la provincia. En una nueva reuni\u00f3n virtual encabezada por el titular del Becario, Sebasti\u00e1n B\u00e9rtoli, se dieron&#8230;<\/p>\n","protected":false},"author":3,"featured_media":66405,"comment_status":"closed","ping_status":"closed","sticky":false,"template":"","format":"standard","meta":[],"categories":[15],"tags":[],"_links":{"self":[{"href":"https:\/\/www.actualidadadiario.com\/index.php\/wp-json\/wp\/v2\/posts\/66404"}],"collection":[{"href":"https:\/\/www.actualidadadiario.com\/index.php\/wp-json\/wp\/v2\/posts"}],"about":[{"href":"https:\/\/www.actualidadadiario.com\/index.php\/wp-json\/wp\/v2\/types\/post"}],"author":[{"embeddable":true,"href":"https:\/\/www.actualidadadiario.com\/index.php\/wp-json\/wp\/v2\/users\/3"}],"replies":[{"embeddable":true,"href":"https:\/\/www.actualidadadiario.com\/index.php\/wp-json\/wp\/v2\/comments?post=66404"}],"version-history":[{"count":1,"href":"https:\/\/www.actualidadadiario.com\/index.php\/wp-json\/wp\/v2\/posts\/66404\/revisions"}],"predecessor-version":[{"id":66406,"href":"https:\/\/www.actualidadadiario.com\/index.php\/wp-json\/wp\/v2\/posts\/66404\/revisions\/66406"}],"wp:featuredmedia":[{"embeddable":true,"href":"https:\/\/www.actualidadadiario.com\/index.php\/wp-json\/wp\/v2\/media\/66405"}],"wp:attachment":[{"href":"https:\/\/www.actualidadadiario.com\/index.php\/wp-json\/wp\/v2\/media?parent=66404"}],"wp:term":[{"taxonomy":"category","embeddable":true,"href":"https:\/\/www.actualidadadiario.com\/index.php\/wp-json\/wp\/v2\/categories?post=66404"},{"taxonomy":"post_tag","embeddable":true,"href":"https:\/\/www.actualidadadiario.com\/index.php\/wp-json\/wp\/v2\/tags?post=66404"}],"curies":[{"name":"wp","href":"https:\/\/api.w.org\/{rel}","templated":true}]}}