{"id":66402,"date":"2020-09-02T15:03:44","date_gmt":"2020-09-02T18:03:44","guid":{"rendered":"https:\/\/www.actualidadadiario.com\/?p=66402"},"modified":"2020-09-02T15:03:44","modified_gmt":"2020-09-02T18:03:44","slug":"desarrollo-social-continua-con-la-entrega-de-modulos-para-garantizar-la-politica-alimentaria-en-la-provincia","status":"publish","type":"post","link":"https:\/\/www.actualidadadiario.com\/index.php\/2020\/09\/02\/desarrollo-social-continua-con-la-entrega-de-modulos-para-garantizar-la-politica-alimentaria-en-la-provincia\/","title":{"rendered":"Desarrollo Social contin\u00faa con la entrega de m\u00f3dulos para garantizar la pol\u00edtica alimentaria en la provincia"},"content":{"rendered":"<p style=\"text-align: center;\"><em><strong>Atendiendo la situaci\u00f3n epidemiol\u00f3gica de Paran\u00e1, Gualeguaych\u00fa, San Benito, Colonia Avellaneda y Basavilbaso, la Subsecretar\u00eda de Pol\u00edticas Alimentarias del Ministerio de Desarrollo Social fortaleci\u00f3 el servicio de comedores escolares por medio de M\u00f3dulos B\u00e1sicos de Emergencia y la Copa de Leche<\/strong><\/em><\/p>\n<p>&nbsp;<\/p>\n<p>&nbsp;<\/p>\n<p>Con el objetivo de asegurar las estrategias alimentarias que permitan sostener el servicio de comedores escolares, desde el inicio de la pandemia por Covid-19 se implement\u00f3 la entrega de viandas diarias a cada titular de derecho en toda la provincia. Adem\u00e1s, a ra\u00edz de las diferentes situaciones epidemiol\u00f3gicas que se fueron registrando, la Direcci\u00f3n de Comedores, dependiente de la Subsecretar\u00eda de Pol\u00edticas Alimentarias, impuls\u00f3 diferentes medidas, entre ellas la entrega de m\u00f3dulos con alimentos secos para sostener el servicio y reducir la circulaci\u00f3n de personas, como lo recomienda el Comit\u00e9 de Organizaci\u00f3n de Emergencias de Salud (COES).<\/p>\n<p>Al respecto, el subsecretario de Pol\u00edticas Alimentarias, Lautaro Valdiviezo, se\u00f1al\u00f3: \u201cDesde la provincia vamos acompa\u00f1ando las diferentes medidas que toman los gobiernos locales junto a la autoridad sanitaria para sostener el servicio de comedores, promoviendo acciones sostenidas para resguardar los derechos de las ni\u00f1as y los ni\u00f1os que asisten a los establecimientos educativos. Este es un pedido que nos ha hecho la ministra Marisa Paira y el gobernador Gustavo Bordet, fundamentalmente en el contexto que estamos viviendo\u201d.<\/p>\n<p>\u201cLos m\u00f3dulos de alimentos secos y de copa de leche son armados por el equipo profesional de la Direcci\u00f3n de Comedores, considerando los requerimientos nutricionales. Por eso, trabajamos con los equipos directivos, cocineras y cocineros de las escuelas para que las y los estudiantes que integran las n\u00f3minas puedan tener acceso a los alimentos\u201d, resalt\u00f3 el funcionario.<\/p>\n<p>En cuanto a la continuidad de esta medida, el funcionario precis\u00f3: \u201cEstamos atentos a las recomendaciones del COES y vamos evaluando constantemente c\u00f3mo actuar para que en Entre R\u00edos continuemos resguardando la salud de las personas. En este caso son m\u00e1s de 8.800 las ni\u00f1as y ni\u00f1os que reciben estos M\u00f3dulos B\u00e1sicos de Emergencia y de Copa de Leche que se distribuyen a trav\u00e9s de m\u00e1s de 100 escuelas de las localidades que han tenido que volver a la fase 3\u201d.<\/p>\n<p>Finalmente, Valdiviezo manifest\u00f3: \u201cDesde el Ministerio de Desarrollo Social reconocemos y agradecemos la enorme tarea que realizan las cocineras y los cocineros en cada comunidad para garantizar el derecho a la alimentaci\u00f3n de nuestros gurises. Tambi\u00e9n destacamos la convicci\u00f3n con la que trabajan los equipos directivos, t\u00e9cnicos y de la Direcci\u00f3n de Comedores por encontrar respuestas integrales en este tiempo tan complejo\u201d.<\/p>\n","protected":false},"excerpt":{"rendered":"<p>Atendiendo la situaci\u00f3n epidemiol\u00f3gica de Paran\u00e1, Gualeguaych\u00fa, San Benito, Colonia Avellaneda y Basavilbaso, la Subsecretar\u00eda de Pol\u00edticas Alimentarias del Ministerio de Desarrollo Social fortaleci\u00f3 el servicio de comedores escolares por medio de M\u00f3dulos B\u00e1sicos de Emergencia y la Copa de Leche &nbsp; &nbsp; Con el objetivo de asegurar las estrategias alimentarias que permitan sostener el servicio de comedores escolares, desde el inicio de la pandemia por Covid-19 se implement\u00f3 la entrega de viandas diarias a cada titular de derecho en toda la provincia. Adem\u00e1s, a ra\u00edz de las diferentes situaciones&#8230;<\/p>\n","protected":false},"author":3,"featured_media":59937,"comment_status":"closed","ping_status":"closed","sticky":false,"template":"","format":"standard","meta":[],"categories":[15],"tags":[],"_links":{"self":[{"href":"https:\/\/www.actualidadadiario.com\/index.php\/wp-json\/wp\/v2\/posts\/66402"}],"collection":[{"href":"https:\/\/www.actualidadadiario.com\/index.php\/wp-json\/wp\/v2\/posts"}],"about":[{"href":"https:\/\/www.actualidadadiario.com\/index.php\/wp-json\/wp\/v2\/types\/post"}],"author":[{"embeddable":true,"href":"https:\/\/www.actualidadadiario.com\/index.php\/wp-json\/wp\/v2\/users\/3"}],"replies":[{"embeddable":true,"href":"https:\/\/www.actualidadadiario.com\/index.php\/wp-json\/wp\/v2\/comments?post=66402"}],"version-history":[{"count":1,"href":"https:\/\/www.actualidadadiario.com\/index.php\/wp-json\/wp\/v2\/posts\/66402\/revisions"}],"predecessor-version":[{"id":66403,"href":"https:\/\/www.actualidadadiario.com\/index.php\/wp-json\/wp\/v2\/posts\/66402\/revisions\/66403"}],"wp:featuredmedia":[{"embeddable":true,"href":"https:\/\/www.actualidadadiario.com\/index.php\/wp-json\/wp\/v2\/media\/59937"}],"wp:attachment":[{"href":"https:\/\/www.actualidadadiario.com\/index.php\/wp-json\/wp\/v2\/media?parent=66402"}],"wp:term":[{"taxonomy":"category","embeddable":true,"href":"https:\/\/www.actualidadadiario.com\/index.php\/wp-json\/wp\/v2\/categories?post=66402"},{"taxonomy":"post_tag","embeddable":true,"href":"https:\/\/www.actualidadadiario.com\/index.php\/wp-json\/wp\/v2\/tags?post=66402"}],"curies":[{"name":"wp","href":"https:\/\/api.w.org\/{rel}","templated":true}]}}