{"id":66399,"date":"2020-09-02T15:02:59","date_gmt":"2020-09-02T18:02:59","guid":{"rendered":"https:\/\/www.actualidadadiario.com\/?p=66399"},"modified":"2020-09-02T15:02:59","modified_gmt":"2020-09-02T18:02:59","slug":"bordet-agradecio-las-muestras-de-apoyo-y-ratifico-el-trabajo-en-salud-para-superar-la-pandemia","status":"publish","type":"post","link":"https:\/\/www.actualidadadiario.com\/index.php\/2020\/09\/02\/bordet-agradecio-las-muestras-de-apoyo-y-ratifico-el-trabajo-en-salud-para-superar-la-pandemia\/","title":{"rendered":"Bordet agradeci\u00f3 las muestras de apoyo y ratific\u00f3 el trabajo en salud para superar la pandemia"},"content":{"rendered":"<p style=\"text-align: center;\"><em><strong>\u201cA todas las personas que me escribieron y me llamaron, mi m\u00e1s sincero agradecimiento, porque nos da fuerzas\u201d, afirm\u00f3 el gobernador Gustavo Bordet luego de conocerse la noticia que dio positivo en el test de Coronavirus<\/strong><\/em><\/p>\n<p>&nbsp;<\/p>\n<p>&nbsp;<\/p>\n<p>Asimismo, el mandatario ratific\u00f3 que \u201cvamos a estar trabajando m\u00e1s fuerte que nunca y con criterios que tiendan a solucionar la pandemia y tambi\u00e9n, a reactivar y recuperar nuestra provincia\u201d, y subray\u00f3: \u201cvamos a poner hasta el \u00faltimo esfuerzo, trabajando coordinadamente junto a toda la sociedad, para poder tener el futuro de grandeza que nos merecemos\u201d.<\/p>\n<p>Tambi\u00e9n valor\u00f3 los mensajes que recibi\u00f3 del Jefe de Gabinete de Ministros de la Naci\u00f3n, Santiago Cafiero, otras autoridades del gobierno nacional y de referentes de todos los sectores de la pol\u00edtica entrerriana. Adem\u00e1s, adelante que desde su aislamiento estar\u00e1 \u201ctrabajando permanentemente conectado y siguiendo paso a paso los eventos que se van presentando con la pandemia&#8221;.<\/p>\n<p>En referencia a la situaci\u00f3n en la que contrajo el virus, Bordet explic\u00f3 que &#8220;esto habla a las claras de la situaci\u00f3n que estamos viviendo en Paran\u00e1 principalmente y tambi\u00e9n en algunas otras ciudades de la provincia, donde siempre apelamos a lo importante que es cuidarnos y no circular&#8221;, agreg\u00f3 luego.<\/p>\n<p>En ese marco, el mandatario provincial se dirigi\u00f3 a los entrerrianos para \u201ctrasmitirles la tranquilidad de que estamos trabajando con un gran equipo para poder superar esta pandemia\u201d.<\/p>\n<p>\u201cNos enfrentamos a un hecho que es in\u00e9dito. Para eso dotamos con recursos al sistema de Salud y aumentamos sustancialmente la cantidad de camas y respiradores. Pero en este momento estamos en un pico de la pandemia, y es justamente donde tenemos que poner el mayor esfuerzo&#8221;, record\u00f3 Bordet.<\/p>\n<p>Por otra parte, adelant\u00f3 que trabajar\u00e1 \u201ccomo lo venimos realizando, siguiendo la agenda con videoconferencias, estando en todo momento interiorizado de los problemas, y articulando con todos los funcionarios, como habitualmente lo hacemos. No cambiar\u00e1 absolutamente nada, salvo obviamente lo presencial por lo que dure el aislamiento\u201d.<\/p>\n<p>&nbsp;<\/p>\n<p><strong>Medidas sanitarias<\/strong><\/p>\n<p>En cuanto a las medidas sanitarias al interior del gabinete provincial, Bordet indic\u00f3 que se est\u00e1n siguiendo los protocolos con los y las funcionarios y funcionarias con quienes mantuvo instancias de trabajo. \u201cEstos fueron d\u00edas de trabajo muy intensos, realmente\u201d, destac\u00f3 y se\u00f1al\u00f3 que \u201cla pandemia nos obliga a estar de tiempo completo trabajando\u201d.<\/p>\n<p>\u201cSon muchas las reuniones. Tuvimos que tomar decisiones duras en las ciudades de Paran\u00e1 y Gualeguaych\u00fa, porque era necesario evitar la circulaci\u00f3n masiva de personas y, en especial, en los lugares donde se producen aglomeraciones. Porque es real el riesgo que tenemos de colapsar nuestro sistema de salud, dado el pico que estamos atravesando. Por eso es necesario tomar estas decisiones durante dos semanas\u201d, detall\u00f3 Bordet.<\/p>\n<p>En esa l\u00ednea Bordet reiter\u00f3 que la decisi\u00f3n de pasar a fase 3 en Paran\u00e1 y Gualeguaych\u00fa \u201cno es una media caprichosa. Entiendo perfectamente la situaci\u00f3n\u201d.<\/p>\n<p>Sin embargo record\u00f3 que \u201chay una emergencia que la vive el planeta entero y que en otros pa\u00edses, cuando se agotan las camas no o hay respiradores para las personas, y se tienen que morir en sus domicilios, es muy doloroso\u201d.<\/p>\n<p>Para finalizar, Bordet puso de relieve que \u201cnosotros nos preparamos para esto: habilitamos el Hospital de la Baxada, ah\u00ed hay 120 camas de internaci\u00f3n intermedia, hay 20 camas de terapia intensiva; el hospital Centenario de Gualeguaych\u00fa, que es parte de otra ciudad con muchos contagios, con el intendente Piaggio estamos habilitando 50 camas m\u00e1s de internaci\u00f3n intermedia\u201d.<\/p>\n<p>\u201cHicimos una inversi\u00f3n millonaria en salud en este tiempo para mitigar todos los efectos de la pandemia\u201d, apunt\u00f3 el mandatario pero tambi\u00e9n alert\u00f3 de las limitaciones del sistema de salud \u201ccon los n\u00fameros de casos creciendo exponencialmente y una tasa de duplicaci\u00f3n de 13 d\u00edas\u201d. Adem\u00e1s, \u201csi la tasa (de duplicaci\u00f3n) baja a 11 o 10 d\u00edas, estaremos en m\u00e1s problemas\u201d, advirti\u00f3, y record\u00f3 que en otras jurisdicciones el contagio lleg\u00f3 a descontrolarse. \u201cNo queremos que esto ocurra en Entre R\u00edos, por eso estamos tomando est\u00e1s medidas\u201d.<\/p>\n<p>\u201cOtras medidas no podemos tomar porque no hay vacuna, no hay un medicamento para tratar la enfermedad. No hay otra forma de combatir esta pandemia que no sea con los elementos que tenemos a nuestro alcance, es decir, el distanciamiento, las medidas de control y evitar la circulaci\u00f3n innecesario de las personas. Ah\u00ed es donde estamos y donde tenemos que trabajar estos 15 d\u00edas para darle previsibilidad al sistema de salud y tambi\u00e9n para que nuestro personal de salud se sienta tambi\u00e9n descomprimido\u201d, continu\u00f3.<\/p>\n<p>&nbsp;<\/p>\n<p><strong>Profesionales de la salud<\/strong><\/p>\n<p>En ese sentido, Bordet resalt\u00f3 que \u201chay que estar las 24 horas del d\u00eda como est\u00e1n los m\u00e9dicos, los enfermeros, que al principio todo el mundo aplaud\u00eda. Hoy pocos se acuerdan de ellos pero est\u00e1n 24 horas del d\u00eda atendiendo pacientes, y a veces a cama caliente\u201d.<\/p>\n<p>Por \u00faltimo, se\u00f1al\u00f3 que las medidas que se aplicaron en Entre R\u00edos \u201ctambi\u00e9n ha pasado en distintas provincias del pa\u00eds\u201d. \u201cLo que nosotros ve\u00edamos hace dos o tres meses en AMBA y en CABA hoy est\u00e1 pasando en las provincias argentinas. Todas est\u00e1n asistiendo a un pico m\u00e1s elevado de los casos de contagio y Entre R\u00edos por supuesto no es la excepci\u00f3n. Por eso, estas medidas que tomamos tambi\u00e9n se est\u00e1n tomando en Mar del Plata, Mendoza, Tucum\u00e1n, Salta, Corrientes, Rosario, porque es la \u00fanica forma que tenemos para cuidarnos\u201d, concluy\u00f3.<\/p>\n","protected":false},"excerpt":{"rendered":"<p>\u201cA todas las personas que me escribieron y me llamaron, mi m\u00e1s sincero agradecimiento, porque nos da fuerzas\u201d, afirm\u00f3 el gobernador Gustavo Bordet luego de conocerse la noticia que dio positivo en el test de Coronavirus &nbsp; &nbsp; Asimismo, el mandatario ratific\u00f3 que \u201cvamos a estar trabajando m\u00e1s fuerte que nunca y con criterios que tiendan a solucionar la pandemia y tambi\u00e9n, a reactivar y recuperar nuestra provincia\u201d, y subray\u00f3: \u201cvamos a poner hasta el \u00faltimo esfuerzo, trabajando coordinadamente junto a toda la sociedad, para poder tener el futuro de&#8230;<\/p>\n","protected":false},"author":3,"featured_media":66400,"comment_status":"closed","ping_status":"closed","sticky":false,"template":"","format":"standard","meta":[],"categories":[9,15],"tags":[],"_links":{"self":[{"href":"https:\/\/www.actualidadadiario.com\/index.php\/wp-json\/wp\/v2\/posts\/66399"}],"collection":[{"href":"https:\/\/www.actualidadadiario.com\/index.php\/wp-json\/wp\/v2\/posts"}],"about":[{"href":"https:\/\/www.actualidadadiario.com\/index.php\/wp-json\/wp\/v2\/types\/post"}],"author":[{"embeddable":true,"href":"https:\/\/www.actualidadadiario.com\/index.php\/wp-json\/wp\/v2\/users\/3"}],"replies":[{"embeddable":true,"href":"https:\/\/www.actualidadadiario.com\/index.php\/wp-json\/wp\/v2\/comments?post=66399"}],"version-history":[{"count":1,"href":"https:\/\/www.actualidadadiario.com\/index.php\/wp-json\/wp\/v2\/posts\/66399\/revisions"}],"predecessor-version":[{"id":66401,"href":"https:\/\/www.actualidadadiario.com\/index.php\/wp-json\/wp\/v2\/posts\/66399\/revisions\/66401"}],"wp:featuredmedia":[{"embeddable":true,"href":"https:\/\/www.actualidadadiario.com\/index.php\/wp-json\/wp\/v2\/media\/66400"}],"wp:attachment":[{"href":"https:\/\/www.actualidadadiario.com\/index.php\/wp-json\/wp\/v2\/media?parent=66399"}],"wp:term":[{"taxonomy":"category","embeddable":true,"href":"https:\/\/www.actualidadadiario.com\/index.php\/wp-json\/wp\/v2\/categories?post=66399"},{"taxonomy":"post_tag","embeddable":true,"href":"https:\/\/www.actualidadadiario.com\/index.php\/wp-json\/wp\/v2\/tags?post=66399"}],"curies":[{"name":"wp","href":"https:\/\/api.w.org\/{rel}","templated":true}]}}