{"id":66396,"date":"2020-09-02T15:01:53","date_gmt":"2020-09-02T18:01:53","guid":{"rendered":"https:\/\/www.actualidadadiario.com\/?p=66396"},"modified":"2020-09-02T15:01:53","modified_gmt":"2020-09-02T18:01:53","slug":"se-firmo-el-convenio-para-implementar-en-entre-rios-el-programa-potencia-trabajo","status":"publish","type":"post","link":"https:\/\/www.actualidadadiario.com\/index.php\/2020\/09\/02\/se-firmo-el-convenio-para-implementar-en-entre-rios-el-programa-potencia-trabajo\/","title":{"rendered":"Se firm\u00f3 el convenio para implementar en Entre R\u00edos el programa Potencia Trabajo"},"content":{"rendered":"<p style=\"text-align: center;\"><em><strong>El ministro de Desarrollo Social de la Naci\u00f3n, Daniel Arroyo, y su par provincial, Marisa Paira, rubricaron un convenio marco para la instrumentaci\u00f3n del Programa Potenciar Trabajo en todo el territorio entrerriano<\/strong><\/em><\/p>\n<p>&nbsp;<\/p>\n<p>&nbsp;<\/p>\n<p>Durante el encuentro virtual desarrollado este martes por la tarde tambi\u00e9n firmaron sus respectivos acuerdos los intendentes de Paran\u00e1, Ad\u00e1n Bahl, y de Concordia, Alfredo Francolini.<\/p>\n<p>\u201cLa principal pol\u00edtica social pospandemia es potenciar trabajo, un ingreso de base y la urbanizaci\u00f3n de villas y asentamientos. La movilidad social s\u00f3lo se reconstruir\u00e1 si hay trabajo&#8221;, asegur\u00f3 Arroyo. \u201cMediante el Potenciar Trabajo vamos a crear 300.000 puestos de trabajo en la construcci\u00f3n, textil, producci\u00f3n de alimentos, cuidado de personas y reciclado&#8221;, precis\u00f3 adem\u00e1s.<\/p>\n<p>Por su parte la ministra de Desarrollo Social, Marisa Paira, explic\u00f3 que \u201ceste convenio marco con Naci\u00f3n permite la generaci\u00f3n de una mesa de articulaci\u00f3n donde el eje, como lo ha se\u00f1alado nuestro gobernador Gustavo Bordet, es promover el trabajo, y para ello articular con municipios, organizaciones sociales y sectores productivos los proyectos que impliquen potenciarlo&#8221;.<\/p>\n<p>\u201cPara nuestra provincia implica una inversi\u00f3n de m\u00e1s de 100 millones de pesos, y es muy importante porque el Estado provincial tendr\u00e1 un rol primordial para poder acompa\u00f1ar los procesos en cada una de las localidades y articular con los diferentes actores que desarrollar\u00e1n proyectos en cinco ramas -textil, cuidado de personas, producci\u00f3n de alimentos, construcci\u00f3n y reciclado-, y en tres ejes -socio productivo, socio laboral y la posibilidad del fortalecimiento en las capacitaciones-\u201d, ahond\u00f3 al respecto.<\/p>\n<p>\u201cEl Ministerio ha venido trabajando en el eje de asistencia alimentaria y esto implica desde la l\u00ednea que se est\u00e1 llevando adelante con Naci\u00f3n fortalecer el eje del trabajo con la producci\u00f3n en este contexto actual que estamos caminando para la salida de la pandemia\u201d, redonde\u00f3 la ministra.<\/p>\n<p>&nbsp;<\/p>\n<p><strong>La importancia del Programa para los municipios<\/strong><\/p>\n<p>El intendente de Paran\u00e1 Ad\u00e1n Bahl valor\u00f3 el programa y expres\u00f3: \u201cRecibimos con mucha satisfacci\u00f3n el anuncio de este Programa que, en Paran\u00e1 va a significar la inversi\u00f3n de aproximadamente 69 millones de pesos y el sostenimiento y la creaci\u00f3n de alrededor de mil puestos laborales, sobre todo, en aquellos sectores que han sido m\u00e1s golpeados por la pandemia, como la construcci\u00f3n, la agricultura familiar y la recuperaci\u00f3n de residuos urbanos\u201d.<\/p>\n<p>Adem\u00e1s, el intendente de la capital de la provincia hizo un agradecimiento \u201cal Gobierno nacional y al Gobierno provincial por involucrar a los municipios y a las organizaciones sociales en su ejecuci\u00f3n. Eso nos brinda a los intendentes un instrumento muy valioso para hacer frente a las consecuencias socio econ\u00f3micas que ha generado este contexto, atendiendo a las necesidades concretas del desarrollo local. Que se contemplen las particularidades de cada ciudad, nos permite garantizar la administraci\u00f3n eficiente de estos recursos, al poder adecuarlos a las demandas de cada realidad municipal\u201d.<\/p>\n<p>Bahl afirm\u00f3 tambi\u00e9n que \u201ceste programa habla de un Estado presente, que acompa\u00f1a a los sectores m\u00e1s vulnerados en un escenario adverso para todos. Pero fundamentalmente, habla de un Estado que piensa en el futuro y que elige al trabajo, a la educaci\u00f3n y al desarrollo productivo como ejes de la reconstrucci\u00f3n del pa\u00eds\u201d.<\/p>\n<p>Por \u00faltimo, el presidente municipal de Concordia, Alfredo Francolini, se\u00f1al\u00f3: \u201cTener este Programa para el desarrollo socio productivo en la ciudad es muy importante. Este trabajo coordinado con el gobernador, y los equipos de Naci\u00f3n y provincia, le est\u00e1n dando a esta emergencia una planificaci\u00f3n en la pospandemia en la recuperaci\u00f3n econ\u00f3mica, la generaci\u00f3n de empleo y mejores condiciones de vida, que son los principales objetivos de la gesti\u00f3n\u201d.<\/p>\n<p>En la reuni\u00f3n tambi\u00e9n estuvieron presentes el secretario de Econom\u00eda Social, Luis Precerutti, y la articuladora del centro de referencia del Ministerio de Desarrollo Social de la Naci\u00f3n en Entre R\u00edos, Jimena Osuna.<\/p>\n<p>&nbsp;<\/p>\n<p><strong>Sobre el programa<\/strong><\/p>\n<p>Potenciar Trabajo es un programa de inclusi\u00f3n socio comunitaria y desarrollo local que unifica y reemplaza a los programas Hacemos Futuro y Proyectos Productivos Comunitarios, a la vez que absorbe a la totalidad de sus titulares de derecho.<\/p>\n<p>Se implementa desde el Ministerio de Desarrollo Social de Naci\u00f3n, y tiene como objetivo contribuir a mejorar el empleo y generar nuevas propuestas productivas a trav\u00e9s del desarrollo de proyectos socio-productivos, comunitarios y laborales, y la terminalidad educativa, con el fin de promover la inclusi\u00f3n para personas que se encuentren en situaci\u00f3n de vulnerabilidad social y econ\u00f3mica.<\/p>\n<p>Est\u00e1 destinado a aquellas personas f\u00edsicas que se encontraban en los programas Hacemos Futuro y Proyectos Productivos Comunitarios, dado que unifica esas iniciativas e incluye a todos sus titulares.<\/p>\n<p>Se lleva adelante mediante diversas acciones para facilitar el desarrollo de la actividad econ\u00f3mica y la inclusi\u00f3n social, fortaleciendo los proyectos en marcha e impulsando la creaci\u00f3n de nuevas iniciativas mediante dos l\u00edneas: por un lado la prestaci\u00f3n econ\u00f3mica individual, de percepci\u00f3n peri\u00f3dica y duraci\u00f3n determinada, denominada Salario Social Complementario; y por el otro mediante el otorgamiento de subsidios a Unidades de Gesti\u00f3n o Unidades de Gesti\u00f3n Asociada, que consisten en una transferencia de fondos para la ejecuci\u00f3n de acciones que garanticen y promuevan la implementaci\u00f3n, desarrollo y fortalecimiento de proyectos socio-productivos, laborales o comunitarios que se ejecuten en el marco del programa.<\/p>\n<p>Para su funcionamiento supone la articulaci\u00f3n y coordinaci\u00f3n con niveles estatales provinciales y municipales, o con todo tipo de organizaciones de la sociedad civil formalmente constituidas, de contraparte, con competencia en las jurisdicciones pertinentes, las cuales se constituir\u00e1n en Unidades de Gesti\u00f3n o Unidades de Gesti\u00f3n Asociadas, y deber\u00e1n presentar al Ministerio de Desarrollo Social de la Naci\u00f3n un plan de actividades que contenga las iniciativas y acciones propuestas, un presupuesto y un listado de los titulares que las llevar\u00e1n a cabo, as\u00ed como tambi\u00e9n otros actores intervinientes.<\/p>\n","protected":false},"excerpt":{"rendered":"<p>El ministro de Desarrollo Social de la Naci\u00f3n, Daniel Arroyo, y su par provincial, Marisa Paira, rubricaron un convenio marco para la instrumentaci\u00f3n del Programa Potenciar Trabajo en todo el territorio entrerriano &nbsp; &nbsp; Durante el encuentro virtual desarrollado este martes por la tarde tambi\u00e9n firmaron sus respectivos acuerdos los intendentes de Paran\u00e1, Ad\u00e1n Bahl, y de Concordia, Alfredo Francolini. \u201cLa principal pol\u00edtica social pospandemia es potenciar trabajo, un ingreso de base y la urbanizaci\u00f3n de villas y asentamientos. La movilidad social s\u00f3lo se reconstruir\u00e1 si hay trabajo&#8221;, asegur\u00f3 Arroyo&#8230;.<\/p>\n","protected":false},"author":3,"featured_media":66397,"comment_status":"closed","ping_status":"closed","sticky":false,"template":"","format":"standard","meta":[],"categories":[15],"tags":[],"_links":{"self":[{"href":"https:\/\/www.actualidadadiario.com\/index.php\/wp-json\/wp\/v2\/posts\/66396"}],"collection":[{"href":"https:\/\/www.actualidadadiario.com\/index.php\/wp-json\/wp\/v2\/posts"}],"about":[{"href":"https:\/\/www.actualidadadiario.com\/index.php\/wp-json\/wp\/v2\/types\/post"}],"author":[{"embeddable":true,"href":"https:\/\/www.actualidadadiario.com\/index.php\/wp-json\/wp\/v2\/users\/3"}],"replies":[{"embeddable":true,"href":"https:\/\/www.actualidadadiario.com\/index.php\/wp-json\/wp\/v2\/comments?post=66396"}],"version-history":[{"count":1,"href":"https:\/\/www.actualidadadiario.com\/index.php\/wp-json\/wp\/v2\/posts\/66396\/revisions"}],"predecessor-version":[{"id":66398,"href":"https:\/\/www.actualidadadiario.com\/index.php\/wp-json\/wp\/v2\/posts\/66396\/revisions\/66398"}],"wp:featuredmedia":[{"embeddable":true,"href":"https:\/\/www.actualidadadiario.com\/index.php\/wp-json\/wp\/v2\/media\/66397"}],"wp:attachment":[{"href":"https:\/\/www.actualidadadiario.com\/index.php\/wp-json\/wp\/v2\/media?parent=66396"}],"wp:term":[{"taxonomy":"category","embeddable":true,"href":"https:\/\/www.actualidadadiario.com\/index.php\/wp-json\/wp\/v2\/categories?post=66396"},{"taxonomy":"post_tag","embeddable":true,"href":"https:\/\/www.actualidadadiario.com\/index.php\/wp-json\/wp\/v2\/tags?post=66396"}],"curies":[{"name":"wp","href":"https:\/\/api.w.org\/{rel}","templated":true}]}}