{"id":66391,"date":"2020-09-01T12:46:50","date_gmt":"2020-09-01T15:46:50","guid":{"rendered":"https:\/\/www.actualidadadiario.com\/?p=66391"},"modified":"2020-09-01T12:46:50","modified_gmt":"2020-09-01T15:46:50","slug":"la-economia-de-brasil-se-derrumba-97-la-mayor-caida-de-su-historia","status":"publish","type":"post","link":"https:\/\/www.actualidadadiario.com\/index.php\/2020\/09\/01\/la-economia-de-brasil-se-derrumba-97-la-mayor-caida-de-su-historia\/","title":{"rendered":"La econom\u00eda de Brasil se derrumba 9,7%, la mayor ca\u00edda de su historia"},"content":{"rendered":"<p style=\"text-align: center;\"><em><strong>El PBI brasile\u00f1o sufri\u00f3 los efectos de la pandemia en el segundo trimestre. El pa\u00eds de Bolsonaro entr\u00f3 en recesi\u00f3n. Fuerte suba del d\u00e9ficit<\/strong><\/em><\/p>\n<p>&nbsp;<\/p>\n<p>&nbsp;<\/p>\n<p>La econom\u00eda de Brasil se contrajo un 9,7% en el segundo trimestre de 2020 por la crisis del coronavirus, en la que se convirti\u00f3 en la mayor ca\u00edda de su historia e implica que el pa\u00eds qued\u00f3 en recesi\u00f3n.<\/p>\n<p>Comparado con los primeros tres meses del a\u00f1o, el PBI brasile\u00f1o toc\u00f3 su nivel m\u00e1s bajo desde que se realiza la medici\u00f3n del Instituto Brasile\u00f1o de Geograf\u00eda y Estad\u00edstica (IBGE). Si se lo mide respecto al segundo trimestre de 2019, la ca\u00edda es del 11,4 por ciento.<\/p>\n<p>El derrumbe de la econom\u00eda brasile\u00f1a se da pese a los esfuerzos de Jair Bolsonaro por evitar el freno de la actividad ante el coronavirus, que produjo en ese pa\u00eds un desastre sanitario con m\u00e1s de 120 mil muertos. El ex militar tuvo una feroz pelea con los gobernadores que decretaron cuarentena.<\/p>\n<p>El primer trimestre hab\u00eda ca\u00eddo 2,5 por ciento y, con este descenso en el segundo, Brasil, la mayor econom\u00eda latinoamericana, est\u00e1 t\u00e9cnicamente en recesi\u00f3n. La anterior recesi\u00f3n hab\u00eda sido en 2015 y 2016, en el marco de una crisis econ\u00f3mica, social y pol\u00edtica.<\/p>\n<p>D\u00edas atr\u00e1s, el gobierno de Bolsonaro hab\u00eda celebrado que los \u00edndices empezaban a dar se\u00f1ales de recuperaci\u00f3n de la econom\u00eda, con una suba del 4,89% en junio respecto al mes anterior. Se trata del rebote que en mayor o menor medida muestran -o mostraron- todas las econom\u00edas despu\u00e9s del brutal impacto inicial de la pandemia.<\/p>\n<p>De acuerdo a los datos del IBGE, el consumo de las familias y la inversi\u00f3n se desplomaron, junto con una ca\u00edda muy pronunciada del sector servicios, responsable por el 70 por ciento del valor agregado al PBI de Brasil. Adem\u00e1s, la industria retrocedi\u00f3 12,3 por ciento.<\/p>\n<p>Este lunes se hab\u00eda conocido otro dato preocupante de la econom\u00eda brasile\u00f1a. En los primeros siete meses del a\u00f1o se registr\u00f3 el mayor d\u00e9ficit fiscal de la historia de Brasil, unos 88.700 millones de d\u00f3lares. La deuda p\u00fablica subi\u00f3 al 86,5% del PBI en julio, seg\u00fan divulg\u00f3 el Banco Central.<\/p>\n","protected":false},"excerpt":{"rendered":"<p>El PBI brasile\u00f1o sufri\u00f3 los efectos de la pandemia en el segundo trimestre. El pa\u00eds de Bolsonaro entr\u00f3 en recesi\u00f3n. Fuerte suba del d\u00e9ficit &nbsp; &nbsp; La econom\u00eda de Brasil se contrajo un 9,7% en el segundo trimestre de 2020 por la crisis del coronavirus, en la que se convirti\u00f3 en la mayor ca\u00edda de su historia e implica que el pa\u00eds qued\u00f3 en recesi\u00f3n. Comparado con los primeros tres meses del a\u00f1o, el PBI brasile\u00f1o toc\u00f3 su nivel m\u00e1s bajo desde que se realiza la medici\u00f3n del Instituto Brasile\u00f1o&#8230;<\/p>\n","protected":false},"author":3,"featured_media":62070,"comment_status":"closed","ping_status":"closed","sticky":false,"template":"","format":"standard","meta":[],"categories":[4],"tags":[],"_links":{"self":[{"href":"https:\/\/www.actualidadadiario.com\/index.php\/wp-json\/wp\/v2\/posts\/66391"}],"collection":[{"href":"https:\/\/www.actualidadadiario.com\/index.php\/wp-json\/wp\/v2\/posts"}],"about":[{"href":"https:\/\/www.actualidadadiario.com\/index.php\/wp-json\/wp\/v2\/types\/post"}],"author":[{"embeddable":true,"href":"https:\/\/www.actualidadadiario.com\/index.php\/wp-json\/wp\/v2\/users\/3"}],"replies":[{"embeddable":true,"href":"https:\/\/www.actualidadadiario.com\/index.php\/wp-json\/wp\/v2\/comments?post=66391"}],"version-history":[{"count":1,"href":"https:\/\/www.actualidadadiario.com\/index.php\/wp-json\/wp\/v2\/posts\/66391\/revisions"}],"predecessor-version":[{"id":66392,"href":"https:\/\/www.actualidadadiario.com\/index.php\/wp-json\/wp\/v2\/posts\/66391\/revisions\/66392"}],"wp:featuredmedia":[{"embeddable":true,"href":"https:\/\/www.actualidadadiario.com\/index.php\/wp-json\/wp\/v2\/media\/62070"}],"wp:attachment":[{"href":"https:\/\/www.actualidadadiario.com\/index.php\/wp-json\/wp\/v2\/media?parent=66391"}],"wp:term":[{"taxonomy":"category","embeddable":true,"href":"https:\/\/www.actualidadadiario.com\/index.php\/wp-json\/wp\/v2\/categories?post=66391"},{"taxonomy":"post_tag","embeddable":true,"href":"https:\/\/www.actualidadadiario.com\/index.php\/wp-json\/wp\/v2\/tags?post=66391"}],"curies":[{"name":"wp","href":"https:\/\/api.w.org\/{rel}","templated":true}]}}