{"id":66388,"date":"2020-09-01T12:46:00","date_gmt":"2020-09-01T15:46:00","guid":{"rendered":"https:\/\/www.actualidadadiario.com\/?p=66388"},"modified":"2020-09-01T12:46:00","modified_gmt":"2020-09-01T15:46:00","slug":"eeuu-supero-los-seis-millones-de-casos-de-covid19-que-crece-en-asia-y-reaparece-en-europa","status":"publish","type":"post","link":"https:\/\/www.actualidadadiario.com\/index.php\/2020\/09\/01\/eeuu-supero-los-seis-millones-de-casos-de-covid19-que-crece-en-asia-y-reaparece-en-europa\/","title":{"rendered":"EEUU super\u00f3 los seis millones de casos de Covid19, que crece en Asia y reaparece en Europa"},"content":{"rendered":"<p style=\"text-align: center;\"><em><strong>Estados Unidos, el pa\u00eds m\u00e1s golpeado por la pandemia de coronavirus, sobrepas\u00f3 hoy el umbral de los seis millones de contagios de coronavirus, que segu\u00eda su avance sin descanso en el resto de Am\u00e9rica y en algunos pa\u00edses de Asia como India, que por segundo d\u00eda consecutivo marc\u00f3 r\u00e9cord mundial de cantidad de contagios en 24 horas en un solo pa\u00eds<\/strong><\/em><\/p>\n<p>&nbsp;<\/p>\n<p>&nbsp;<\/p>\n<p>A nivel global, el recuento permanente de la Universidad Johns Hopkins contabiliza hoy 25.330.679 casos de coronavirus y un total de 848.030 muertos por la enfermedad originada y detectada en diciembre de 2019 en la ciudad china de Wuhan.<\/p>\n<p>La nueva barrera que super\u00f3 hoy Estados Unidos, 6.021.465 casos, seg\u00fan inform\u00f3 la JHU, coincide con un momento en que la oposici\u00f3n dem\u00f3crata acusa al Gobierno de no controlar los brotes, uno de los principales temas de la campa\u00f1a para la elecci\u00f3n presidencial de noviembre pr\u00f3ximo.<\/p>\n<p>La principal potencia del mundo tambi\u00e9n registra un total de m\u00e1s 183.399 muertos desde la llegada del virus al pa\u00eds a principios de a\u00f1o, otra cifra r\u00e9cord para el mundo, seg\u00fan el recuento online de la universidad estadounidense.<\/p>\n<p>Actualmente, la curva nacional de contagios parece estar ameset\u00e1ndose de nuevo, pero expertos del Gobierno y de la sociedad civil alertan que una nueva reapertura econ\u00f3mica prematura podr\u00eda volver a desatar una ola de contagios masivos.<\/p>\n<p>El presidente de M\u00e9xico, Andr\u00e9s Manuel L\u00f3pez Obrador, dijo hoy por su parte que la crisis econ\u00f3mica desatada en el pa\u00eds producto de la pandemia de coronavirus, y que ya que dej\u00f3 casi 600.000 contagios y m\u00e1s de 64.000 fallecidos, es la m\u00e1s profunda en un siglo, aunque asegur\u00f3 que la recuperaci\u00f3n &#8220;ser\u00e1 r\u00e1pida&#8221;.<\/p>\n<p>&#8220;Es la crisis mundial m\u00e1s profunda que se haya presentado en los \u00faltimos 100 a\u00f1os (&#8230;) M\u00e9xico no hab\u00eda ca\u00eddo en lo econ\u00f3mico como ahora desde 1932&#8221;, declar\u00f3 L\u00f3pez Obrador en su conferencia diaria desde el Palacio Nacional, en Ciudad de M\u00e9xico, report\u00f3 la agencia de noticias EFE.<\/p>\n<p>En Brasil, el segundo pa\u00eds del mundo m\u00e1s afectado por la pandemia, aunque ahora seguido de cerca por India, las autoridades de R\u00edo de Janeiro y San Pablo pidieron hoy a la poblaci\u00f3n evitar las aglomeraciones de ba\u00f1istas que se registraron este fin de semana de altas temperaturas en las playas, sin barbijo ni respeto al distanciamiento social.<\/p>\n<p>&#8220;La pr\u00f3xima vez habr\u00e1 que aumentar la fiscalizaci\u00f3n y multar. Es algo dif\u00edcil porque mandamos a los fiscales a controlar, pero cuando estos se van la gente vuelve a la playa. La playa es una cuesti\u00f3n de concientizaci\u00f3n&#8221;, explic\u00f3 el intendente de R\u00edo, Marcelo Crivella.<\/p>\n<p>Brasil, seg\u00fan datos de JHU, acumula 3.862.311 y 120.828 decesos por la enfermedad.<\/p>\n<p>En R\u00edo, un estado de 15 millones de habitantes, ya murieron 16.027 personas.<\/p>\n<p>La India registr\u00f3 este lunes m\u00e1s de 78.000 casos positivos de coronavirus, marcando su segunda jornada consecutiva con las cifras m\u00e1s altas de contagios reportadas en el mundo en un d\u00eda por un solo pa\u00eds.<\/p>\n<p>El gigante asi\u00e1tico de 1.350 millones de habitantes contabiliz\u00f3 78.512 nuevos casos en las \u00faltimas 24 horas, un tanto por debajo de los 78.761 registrados ayer.<\/p>\n<p>Estos n\u00fameros superan los 77.299 contagios registrados por Estados Unidos el pasado 16 de julio, y llevan el total desde el inicio de la pandemia en India a 3.621.245, mientras que los muertos suman 64.469, seg\u00fan los datos de la JHU y el Ministerio de Salud indio.<\/p>\n<p>Luego de confirmarse que la econom\u00eda del pa\u00eds tuvo en el segundo trimestre del a\u00f1o la ca\u00edda m\u00e1s fuerte desde 1995, el Gobierno italiano afirm\u00f3 hoy que su &#8220;prioridad&#8221; actual es el regreso de las clases, previsto para el 14 de septiembre, mientras se terminan de definir los detalles del protocolo de seguridad para reducir la posibilidad de nuevos contagios de coronavirus en ese \u00e1mbito.<\/p>\n<p>Italia, uno de los pa\u00edses m\u00e1s afectados durante la primera etapa de la pandemia de coronavirus, inform\u00f3 hoy de 996 nuevos casos, tras cinco d\u00edas consecutivos con m\u00e1s de 1.000 contagios, y 6 decesos, lo que eleva a 35.483 la suma de muertes totales por la Covid-19.<\/p>\n<p>Pero las autoridades italianas tambi\u00e9n informaron hoy de las consecuencias econ\u00f3micas de la pandemia, que refleja la crisis global que deja la pandemia a su paso.<\/p>\n<p>El instituto oficial de estad\u00edsticas Istat public\u00f3 hoy su informe sobre la econom\u00eda italiana entre abril y junio, en el que revis\u00f3 a la baja la previsi\u00f3n original de una ca\u00edda del 12,4% y confirm\u00f3 el derrumbe del 12,8% frente al primer trimestre del a\u00f1o<\/p>\n<p>Adem\u00e1s, de acuerdo al Istat, la ca\u00edda del segundo trimestre representa una baja del 17,7% frente al mismo per\u00edodo de 2019.<\/p>\n<p>Seg\u00fan el organismo, tanto el dato interanual como el intertrimestral son descensos &#8220;nunca registrados desde 1995&#8221;.<\/p>\n<p>La segunda ola de la pandemia que est\u00e1 recorriendo nuevamente Europa est\u00e1 afectado los \u00e1nimos en Alemania, donde el ministro de Salud, Jens Spahn, fue escupido e insultado cuando intentaba hablar con manifestantes durante una visita en el oeste del pa\u00eds, seg\u00fan se observa en un video se circul\u00f3 por las redes sociales.<\/p>\n<p>Alemania vivi\u00f3 un fin de semana en el que varias concentraciones de militantes de ultraderecha, algunos incluso embanderados con s\u00edmbolos nazis, manifestaron su oposici\u00f3n a los esquemas de confinamiento con que el Gobierno de Angela Merkel intenta paliar las consecuencias del coronavirus.<\/p>\n<p>Seg\u00fan datos de JHU, Alemania registra en la actualidad 244.802 casos de coronavirus y 9.303 muertos desde el inicio de la pandemia.<\/p>\n","protected":false},"excerpt":{"rendered":"<p>Estados Unidos, el pa\u00eds m\u00e1s golpeado por la pandemia de coronavirus, sobrepas\u00f3 hoy el umbral de los seis millones de contagios de coronavirus, que segu\u00eda su avance sin descanso en el resto de Am\u00e9rica y en algunos pa\u00edses de Asia como India, que por segundo d\u00eda consecutivo marc\u00f3 r\u00e9cord mundial de cantidad de contagios en 24 horas en un solo pa\u00eds &nbsp; &nbsp; A nivel global, el recuento permanente de la Universidad Johns Hopkins contabiliza hoy 25.330.679 casos de coronavirus y un total de 848.030 muertos por la enfermedad originada&#8230;<\/p>\n","protected":false},"author":3,"featured_media":66389,"comment_status":"closed","ping_status":"closed","sticky":false,"template":"","format":"standard","meta":[],"categories":[4],"tags":[],"_links":{"self":[{"href":"https:\/\/www.actualidadadiario.com\/index.php\/wp-json\/wp\/v2\/posts\/66388"}],"collection":[{"href":"https:\/\/www.actualidadadiario.com\/index.php\/wp-json\/wp\/v2\/posts"}],"about":[{"href":"https:\/\/www.actualidadadiario.com\/index.php\/wp-json\/wp\/v2\/types\/post"}],"author":[{"embeddable":true,"href":"https:\/\/www.actualidadadiario.com\/index.php\/wp-json\/wp\/v2\/users\/3"}],"replies":[{"embeddable":true,"href":"https:\/\/www.actualidadadiario.com\/index.php\/wp-json\/wp\/v2\/comments?post=66388"}],"version-history":[{"count":1,"href":"https:\/\/www.actualidadadiario.com\/index.php\/wp-json\/wp\/v2\/posts\/66388\/revisions"}],"predecessor-version":[{"id":66390,"href":"https:\/\/www.actualidadadiario.com\/index.php\/wp-json\/wp\/v2\/posts\/66388\/revisions\/66390"}],"wp:featuredmedia":[{"embeddable":true,"href":"https:\/\/www.actualidadadiario.com\/index.php\/wp-json\/wp\/v2\/media\/66389"}],"wp:attachment":[{"href":"https:\/\/www.actualidadadiario.com\/index.php\/wp-json\/wp\/v2\/media?parent=66388"}],"wp:term":[{"taxonomy":"category","embeddable":true,"href":"https:\/\/www.actualidadadiario.com\/index.php\/wp-json\/wp\/v2\/categories?post=66388"},{"taxonomy":"post_tag","embeddable":true,"href":"https:\/\/www.actualidadadiario.com\/index.php\/wp-json\/wp\/v2\/tags?post=66388"}],"curies":[{"name":"wp","href":"https:\/\/api.w.org\/{rel}","templated":true}]}}