{"id":66301,"date":"2020-08-31T12:31:24","date_gmt":"2020-08-31T15:31:24","guid":{"rendered":"https:\/\/www.actualidadadiario.com\/?p=66301"},"modified":"2020-08-31T12:31:24","modified_gmt":"2020-08-31T15:31:24","slug":"coronavirus-preocupacion-en-europa-por-los-rebrotes-en-los-casos","status":"publish","type":"post","link":"https:\/\/www.actualidadadiario.com\/index.php\/2020\/08\/31\/coronavirus-preocupacion-en-europa-por-los-rebrotes-en-los-casos\/","title":{"rendered":"Coronavirus: preocupaci\u00f3n en Europa por los rebrotes en los casos"},"content":{"rendered":"<p style=\"text-align: center;\"><em><strong>La segunda ola se genera mientras aumenta la cantidad de personas en la calle<\/strong><\/em><\/p>\n<p>&nbsp;<\/p>\n<p>&nbsp;<\/p>\n<p>El primer foco de Covid-19 golpe\u00f3 duramente contra el personal de salud y los m\u00e9dicos en los hospitales en Europa. Luego del parate en el aumento de casos de coronavirus a nivel continental por el c\u00e1lido clima, comenz\u00f3 a preocupar nuevamente el rebrote en las calles. Las naciones europeas apuntan a poder evitar que se genere una segunda ola y por ese motivo colocaron fuerzas policiales para mantener el orden.<\/p>\n<p>Las medidas se tomaron con el objetivo de evitar grandes aglomeraciones en las ciudades y teniendo en cuenta que varios pa\u00edses europeos registraron durante la \u00faltima semana cifras r\u00e9cord de infecciones por coronavirus en medio de la pandemia. Los n\u00fameros crecientes se vieron reflejados en pa\u00edses como Francia, Alemania, Italia y Espa\u00f1a que nunca hab\u00edan tenido tantos casos nuevos diarios.<\/p>\n<p>Otros pa\u00edses en Europa como Grecia y Croacia, que no tuvieron una gran primera ola, tambi\u00e9n sufrieron la representativa suba de los casos durante agosto con la llegada de turistas por el verano. Las fronteras que reabrieron en la Uni\u00f3n Europea permitieron que varios habitantes asistan a muchas de las playas de la costa mediterr\u00e1nea para poder disfrutar de las vacaciones de verano.<\/p>\n<p>Desde los gobiernos de los pa\u00edses europeos, con la vista puesta en tratar de frenar al virus y evitar una mayor propagaci\u00f3n, decidieron tomar las nuevas medidas. Los lugares bailables y bares en pa\u00edses de Europa como Italia y Grecia fueron obligados a cerrar. Tambi\u00e9n en Espa\u00f1a, Italia y Grecia se decretaron l\u00edmites de horario para salir y se estableci\u00f3 el uso obligatorio de mascarillas, al igual que en Par\u00eds.<\/p>\n<p>En la mayor\u00eda de los pa\u00edses de la Uni\u00f3n Europea se est\u00e1 viviendo ese potenciamiento dentro de las regulaciones que comenzaron a entrar gradualmente en acci\u00f3n.\u00a0 Mientras tanto, la lucha contra el coronavirus se volvi\u00f3 materia de orden p\u00fablico y se les solicit\u00f3 a los mismos ciudadanos de cada uno de los pa\u00edses que intensifiquen los cuidados y mantengan distancia y protecci\u00f3n para no propagar el virus.<\/p>\n","protected":false},"excerpt":{"rendered":"<p>La segunda ola se genera mientras aumenta la cantidad de personas en la calle &nbsp; &nbsp; El primer foco de Covid-19 golpe\u00f3 duramente contra el personal de salud y los m\u00e9dicos en los hospitales en Europa. Luego del parate en el aumento de casos de coronavirus a nivel continental por el c\u00e1lido clima, comenz\u00f3 a preocupar nuevamente el rebrote en las calles. Las naciones europeas apuntan a poder evitar que se genere una segunda ola y por ese motivo colocaron fuerzas policiales para mantener el orden. Las medidas se tomaron&#8230;<\/p>\n","protected":false},"author":3,"featured_media":66302,"comment_status":"closed","ping_status":"closed","sticky":false,"template":"","format":"standard","meta":[],"categories":[4],"tags":[],"_links":{"self":[{"href":"https:\/\/www.actualidadadiario.com\/index.php\/wp-json\/wp\/v2\/posts\/66301"}],"collection":[{"href":"https:\/\/www.actualidadadiario.com\/index.php\/wp-json\/wp\/v2\/posts"}],"about":[{"href":"https:\/\/www.actualidadadiario.com\/index.php\/wp-json\/wp\/v2\/types\/post"}],"author":[{"embeddable":true,"href":"https:\/\/www.actualidadadiario.com\/index.php\/wp-json\/wp\/v2\/users\/3"}],"replies":[{"embeddable":true,"href":"https:\/\/www.actualidadadiario.com\/index.php\/wp-json\/wp\/v2\/comments?post=66301"}],"version-history":[{"count":1,"href":"https:\/\/www.actualidadadiario.com\/index.php\/wp-json\/wp\/v2\/posts\/66301\/revisions"}],"predecessor-version":[{"id":66303,"href":"https:\/\/www.actualidadadiario.com\/index.php\/wp-json\/wp\/v2\/posts\/66301\/revisions\/66303"}],"wp:featuredmedia":[{"embeddable":true,"href":"https:\/\/www.actualidadadiario.com\/index.php\/wp-json\/wp\/v2\/media\/66302"}],"wp:attachment":[{"href":"https:\/\/www.actualidadadiario.com\/index.php\/wp-json\/wp\/v2\/media?parent=66301"}],"wp:term":[{"taxonomy":"category","embeddable":true,"href":"https:\/\/www.actualidadadiario.com\/index.php\/wp-json\/wp\/v2\/categories?post=66301"},{"taxonomy":"post_tag","embeddable":true,"href":"https:\/\/www.actualidadadiario.com\/index.php\/wp-json\/wp\/v2\/tags?post=66301"}],"curies":[{"name":"wp","href":"https:\/\/api.w.org\/{rel}","templated":true}]}}