{"id":66295,"date":"2020-08-31T12:29:51","date_gmt":"2020-08-31T15:29:51","guid":{"rendered":"https:\/\/www.actualidadadiario.com\/?p=66295"},"modified":"2020-08-31T12:29:51","modified_gmt":"2020-08-31T15:29:51","slug":"casaretto-el-proyecto-de-aporte-extraordinario-de-las-grandes-riquezas-no-afecta-a-la-inversion","status":"publish","type":"post","link":"https:\/\/www.actualidadadiario.com\/index.php\/2020\/08\/31\/casaretto-el-proyecto-de-aporte-extraordinario-de-las-grandes-riquezas-no-afecta-a-la-inversion\/","title":{"rendered":"Casaretto: &#8220;El proyecto de aporte extraordinario de las grandes riquezas no afecta a la inversi\u00f3n&#8221;"},"content":{"rendered":"<p style=\"text-align: center;\"><em><strong>El diputado del Frente de Todos dijo que el oficialismo espera &#8220;conseguir consenso para avanzar y que sea ley en el corto plazo&#8221;, en referencia al proyecto que busca un aporte solidario de car\u00e1cter extraordinario de las grandes fortunas<\/strong><\/em><\/p>\n<p>&nbsp;<\/p>\n<p>&nbsp;<\/p>\n<p>El diputado del Frente de Todos por Entre R\u00edos, Marcelo Casaretto, asegur\u00f3 hoy que el proyecto de aporte extraordinario de las grandes riquezas &#8220;no afecta a la clase media ni a la producci\u00f3n, ni a la inversi\u00f3n&#8221;, y precis\u00f3 que se trata &#8220;s\u00f3lo de patrimonios personales de las 12 mil familias m\u00e1s ricas del pa\u00eds&#8221;.<\/p>\n<p>&#8220;Es un aporte \u00fanico, extraordinario y solidario para paliar las consecuencias de la crisis&#8221;, asever\u00f3 el legislador nacional en declaraciones a radio Universidad de Entre R\u00edos.<\/p>\n<p>Agreg\u00f3 que el denominado aporte solidario &#8220;no grava a la inversi\u00f3n productiva sino a patrimonios personales&#8221;.<\/p>\n<p>En ese sentido, el diputado del Frente de Todos dijo que el oficialismo espera &#8220;conseguir consenso para avanzar y que sea ley en el corto plazo&#8221;.<\/p>\n<p>&#8220;Nunca nos sobraron votos, pero esperamos tener el acompa\u00f1amiento de bloques de la oposici\u00f3n, no de Juntos por el Cambio porque se opone a todo, con ellos no contamos&#8221;, asumi\u00f3.<\/p>\n<p>Reiter\u00f3 en este marco que el aporte &#8220;no afecta a la clase media ni a la producci\u00f3n ni a la inversi\u00f3n&#8221; ni tampoco a &#8220;patrimonios de empresas&#8221;.<\/p>\n<p>&#8220;Son solo patrimonios personales de las 12 mil familias m\u00e1s ricas del pa\u00eds. Estamos hablando de fortunas personales&#8221;, aclar\u00f3 el legislador entrerriano.<\/p>\n","protected":false},"excerpt":{"rendered":"<p>El diputado del Frente de Todos dijo que el oficialismo espera &#8220;conseguir consenso para avanzar y que sea ley en el corto plazo&#8221;, en referencia al proyecto que busca un aporte solidario de car\u00e1cter extraordinario de las grandes fortunas &nbsp; &nbsp; El diputado del Frente de Todos por Entre R\u00edos, Marcelo Casaretto, asegur\u00f3 hoy que el proyecto de aporte extraordinario de las grandes riquezas &#8220;no afecta a la clase media ni a la producci\u00f3n, ni a la inversi\u00f3n&#8221;, y precis\u00f3 que se trata &#8220;s\u00f3lo de patrimonios personales de las 12&#8230;<\/p>\n","protected":false},"author":3,"featured_media":66296,"comment_status":"closed","ping_status":"closed","sticky":false,"template":"","format":"standard","meta":[],"categories":[18],"tags":[],"_links":{"self":[{"href":"https:\/\/www.actualidadadiario.com\/index.php\/wp-json\/wp\/v2\/posts\/66295"}],"collection":[{"href":"https:\/\/www.actualidadadiario.com\/index.php\/wp-json\/wp\/v2\/posts"}],"about":[{"href":"https:\/\/www.actualidadadiario.com\/index.php\/wp-json\/wp\/v2\/types\/post"}],"author":[{"embeddable":true,"href":"https:\/\/www.actualidadadiario.com\/index.php\/wp-json\/wp\/v2\/users\/3"}],"replies":[{"embeddable":true,"href":"https:\/\/www.actualidadadiario.com\/index.php\/wp-json\/wp\/v2\/comments?post=66295"}],"version-history":[{"count":1,"href":"https:\/\/www.actualidadadiario.com\/index.php\/wp-json\/wp\/v2\/posts\/66295\/revisions"}],"predecessor-version":[{"id":66297,"href":"https:\/\/www.actualidadadiario.com\/index.php\/wp-json\/wp\/v2\/posts\/66295\/revisions\/66297"}],"wp:featuredmedia":[{"embeddable":true,"href":"https:\/\/www.actualidadadiario.com\/index.php\/wp-json\/wp\/v2\/media\/66296"}],"wp:attachment":[{"href":"https:\/\/www.actualidadadiario.com\/index.php\/wp-json\/wp\/v2\/media?parent=66295"}],"wp:term":[{"taxonomy":"category","embeddable":true,"href":"https:\/\/www.actualidadadiario.com\/index.php\/wp-json\/wp\/v2\/categories?post=66295"},{"taxonomy":"post_tag","embeddable":true,"href":"https:\/\/www.actualidadadiario.com\/index.php\/wp-json\/wp\/v2\/tags?post=66295"}],"curies":[{"name":"wp","href":"https:\/\/api.w.org\/{rel}","templated":true}]}}